{"id":865,"date":"2025-01-28T13:25:12","date_gmt":"2025-01-28T12:25:12","guid":{"rendered":"https:\/\/parkshop.cz\/ostrava\/?p=865"},"modified":"2025-01-28T13:30:24","modified_gmt":"2025-01-28T12:30:24","slug":"mene-plastu-s-uctou-k-prirode-to-je-smysl-bez-obalu-v-dm","status":"publish","type":"post","link":"https:\/\/parkshop.cz\/ostrava\/mene-plastu-s-uctou-k-prirode-to-je-smysl-bez-obalu-v-dm\/","title":{"rendered":"M\u00e9n\u011b plastu, s \u00factou k p\u0159\u00edrod\u011b \u2013 to je smysl bez obalu v DM"},"content":{"rendered":"<p>St\u00e1le v\u011bt\u0161\u00ed po\u010det z\u00e1kazn\u00edk\u016f a z\u00e1kaznic se zaj\u00edm\u00e1 o dopady sv\u00e9ho chov\u00e1n\u00ed na \u017eivotn\u00ed prost\u0159ed\u00ed. Velk\u00fdm t\u00e9matem trvale udr\u017eiteln\u00e9ho chov\u00e1n\u00ed se st\u00e1v\u00e1 omezen\u00ed plastov\u00e9ho odpadu. V dm proto nab\u00edz\u00edme<strong class=\"edico_strongTag-GnYqp\">\u00a0mo\u017enost n\u00e1kupu<\/strong>\u00a0<strong class=\"edico_strongTag-GnYqp\">ekologick\u00fdch \u010distic\u00edch<\/strong>\u00a0<strong class=\"edico_strongTag-GnYqp\">a prac\u00edch prost\u0159edk\u016f<\/strong>\u00a0<strong class=\"edico_strongTag-GnYqp\">tzv. bez obalu<\/strong>. Co to znamen\u00e1? Tuto\u00a0ekodrogerii\u00a0si jednodu\u0161e sto\u010d\u00edte\u00a0<strong class=\"edico_strongTag-GnYqp\">do<\/strong>\u00a0<strong class=\"edico_strongTag-GnYqp\">opakovan\u011b pou\u017eiteln\u00fdch plastov\u00fdch n\u00e1dob o objemu 1 nebo 1,5 litru<\/strong>\u00a0v na\u0161ich plnic\u00edch stanic\u00edch. Plastov\u00e9 n\u00e1doby si sta\u010d\u00ed zakoupit pouze p\u0159i prvn\u00edm bezobalov\u00e9m n\u00e1kupu a pot\u00e9 u\u017e je po vypot\u0159ebov\u00e1n\u00ed obsahu jen znovu naplnit. N\u00e1kupem kvalitn\u00ed drogerie bez obalu v dm tak ud\u011bl\u00e1te to nejlep\u0161\u00ed nejen pro sebe, ale tak\u00e9 pro planetu, proto\u017ee nap\u0159\u00edklad opakovan\u00fdm napln\u011bn\u00edm 1,5 l lahve u\u0161et\u0159\u00edte 60 g plastu.<\/p>\n<p>V\u00edce informac\u00ed na <a href=\"https:\/\/www.dm.cz\/inspirace-a-poradenstvi\/domacnost\/udrzitelny-domov\/plnici-stanice-392816\">https:\/\/www.dm.cz\/inspirace-a-poradenstvi\/domacnost\/udrzitelny-domov\/plnici-stanice-392816\u00a0<\/a><\/p>\n","protected":false},"excerpt":{"rendered":"<p>St\u00e1le v\u011bt\u0161\u00ed po\u010det z\u00e1kazn\u00edk\u016f a z\u00e1kaznic se zaj\u00edm\u00e1 o dopady sv\u00e9ho chov\u00e1n\u00ed na \u017eivotn\u00ed prost\u0159ed\u00ed. Velk\u00fdm t\u00e9matem trvale udr\u017eiteln\u00e9ho chov\u00e1n\u00ed [&hellip;]<\/p>\n","protected":false},"author":2,"featured_media":866,"comment_status":"closed","ping_status":"open","sticky":false,"template":"","format":"standard","meta":{"_acf_changed":false,"footnotes":""},"categories":[1],"tags":[],"class_list":["post-865","post","type-post","status-publish","format-standard","has-post-thumbnail","hentry","category-nezarazene"],"acf":{"na_zacatek_akce":"27.01.2025","na_doba_trvani_akce_oddo":"27.01.2025 - 28.02.2025","na_obchod":{"ID":268,"post_author":"1","post_date":"2022-09-08 14:45:52","post_date_gmt":"2022-09-08 12:45:52","post_content":"V dm najdete \u0161irok\u00fd sortiment v\u00fdrobk\u016f p\u00e9\u010de o t\u011blo, vlasy a ple\u0165, dekorativn\u00ed kosmetiku, kosmetiku pro mu\u017ee, biopotraviny, p\u0159\u00edrodn\u00ed kosmetiku, krmivo pro dom\u00e1c\u00ed mazl\u00ed\u010dky, produkty p\u00e9\u010de o d\u00edt\u011b a d\u011btskou v\u00fd\u017eivu a jin\u00e9. Je zde mo\u017enost zpracov\u00e1n\u00ed fotografi\u00ed a \u0161irok\u00e1 nab\u00eddka fotod\u00e1rk\u016f. Nab\u00edz\u00edme i velk\u00fd v\u00fdb\u011br vysoce kvalitn\u00edch produkt\u016f dm zna\u010dek, kter\u00e9 jsou k dost\u00e1n\u00ed za p\u0159\u00edzniv\u00e9 ceny. dm m\u00e1 nav\u00edc pro sv\u00e9 z\u00e1kazn\u00edky atraktivn\u00ed v\u011brnostn\u00ed program active beauty.\r\n\r\nBezplatn\u00e1 telefonn\u00ed linka: 800 100 808.","post_title":"dm drogerie markt","post_excerpt":"","post_status":"publish","comment_status":"closed","ping_status":"closed","post_password":"","post_name":"dm-drogerie-markt","to_ping":"","pinged":"","post_modified":"2022-10-12 09:38:33","post_modified_gmt":"2022-10-12 07:38:33","post_content_filtered":"","post_parent":0,"guid":"http:\/\/nphana.cz.uvirt123.active24.cz\/?post_type=obchody&#038;p=268","menu_order":0,"post_type":"obchody","post_mime_type":"","comment_count":"0","filter":"raw"}},"yoast_head":"<!-- This site is optimized with the Yoast SEO plugin v26.5 - https:\/\/yoast.com\/wordpress\/plugins\/seo\/ -->\n<title>M\u00e9n\u011b plastu, s \u00factou k p\u0159\u00edrod\u011b \u2013 to je smysl bez obalu v DM - Park&amp;Shop Ostrava<\/title>\n<meta name=\"robots\" content=\"index, follow, max-snippet:-1, max-image-preview:large, max-video-preview:-1\" \/>\n<link rel=\"canonical\" href=\"https:\/\/parkshop.cz\/ostrava\/mene-plastu-s-uctou-k-prirode-to-je-smysl-bez-obalu-v-dm\/\" \/>\n<meta property=\"og:locale\" content=\"cs_CZ\" \/>\n<meta property=\"og:type\" content=\"article\" \/>\n<meta property=\"og:title\" content=\"M\u00e9n\u011b plastu, s \u00factou k p\u0159\u00edrod\u011b \u2013 to je smysl bez obalu v DM - Park&amp;Shop Ostrava\" \/>\n<meta property=\"og:description\" content=\"St\u00e1le v\u011bt\u0161\u00ed po\u010det z\u00e1kazn\u00edk\u016f a z\u00e1kaznic se zaj\u00edm\u00e1 o dopady sv\u00e9ho chov\u00e1n\u00ed na \u017eivotn\u00ed prost\u0159ed\u00ed. Velk\u00fdm t\u00e9matem trvale udr\u017eiteln\u00e9ho chov\u00e1n\u00ed [&hellip;]\" \/>\n<meta property=\"og:url\" content=\"https:\/\/parkshop.cz\/ostrava\/mene-plastu-s-uctou-k-prirode-to-je-smysl-bez-obalu-v-dm\/\" \/>\n<meta property=\"og:site_name\" content=\"Park&amp;Shop Ostrava\" \/>\n<meta property=\"article:published_time\" content=\"2025-01-28T12:25:12+00:00\" \/>\n<meta property=\"article:modified_time\" content=\"2025-01-28T12:30:24+00:00\" \/>\n<meta property=\"og:image\" content=\"https:\/\/parkshop.cz\/ostrava\/wp-content\/uploads\/2025\/01\/inzerce-pro-OC_Plnici-stanice_13_1200-x-1200.jpg\" \/>\n\t<meta property=\"og:image:width\" content=\"1200\" \/>\n\t<meta property=\"og:image:height\" content=\"1200\" \/>\n\t<meta property=\"og:image:type\" content=\"image\/jpeg\" \/>\n<meta name=\"author\" content=\"parkshopofc\" \/>\n<meta name=\"twitter:card\" content=\"summary_large_image\" \/>\n<meta name=\"twitter:label1\" content=\"Napsal(a)\" \/>\n\t<meta name=\"twitter:data1\" content=\"parkshopofc\" \/>\n\t<meta name=\"twitter:label2\" content=\"Odhadovan\u00e1 doba \u010dten\u00ed\" \/>\n\t<meta name=\"twitter:data2\" content=\"1 minuta\" \/>\n<script type=\"application\/ld+json\" class=\"yoast-schema-graph\">{\"@context\":\"https:\/\/schema.org\",\"@graph\":[{\"@type\":\"Article\",\"@id\":\"https:\/\/parkshop.cz\/ostrava\/mene-plastu-s-uctou-k-prirode-to-je-smysl-bez-obalu-v-dm\/#article\",\"isPartOf\":{\"@id\":\"https:\/\/parkshop.cz\/ostrava\/mene-plastu-s-uctou-k-prirode-to-je-smysl-bez-obalu-v-dm\/\"},\"author\":{\"name\":\"parkshopofc\",\"@id\":\"https:\/\/parkshop.cz\/ostrava\/#\/schema\/person\/ae3d8fcb3e2d2f59aaf7b32eb2080e03\"},\"headline\":\"M\u00e9n\u011b plastu, s \u00factou k p\u0159\u00edrod\u011b \u2013 to je smysl bez obalu v DM\",\"datePublished\":\"2025-01-28T12:25:12+00:00\",\"dateModified\":\"2025-01-28T12:30:24+00:00\",\"mainEntityOfPage\":{\"@id\":\"https:\/\/parkshop.cz\/ostrava\/mene-plastu-s-uctou-k-prirode-to-je-smysl-bez-obalu-v-dm\/\"},\"wordCount\":185,\"publisher\":{\"@id\":\"https:\/\/parkshop.cz\/ostrava\/#organization\"},\"image\":{\"@id\":\"https:\/\/parkshop.cz\/ostrava\/mene-plastu-s-uctou-k-prirode-to-je-smysl-bez-obalu-v-dm\/#primaryimage\"},\"thumbnailUrl\":\"https:\/\/parkshop.cz\/ostrava\/wp-content\/uploads\/2025\/01\/inzerce-pro-OC_Plnici-stanice_13_1200-x-1200.jpg\",\"inLanguage\":\"cs\"},{\"@type\":\"WebPage\",\"@id\":\"https:\/\/parkshop.cz\/ostrava\/mene-plastu-s-uctou-k-prirode-to-je-smysl-bez-obalu-v-dm\/\",\"url\":\"https:\/\/parkshop.cz\/ostrava\/mene-plastu-s-uctou-k-prirode-to-je-smysl-bez-obalu-v-dm\/\",\"name\":\"M\u00e9n\u011b plastu, s \u00factou k p\u0159\u00edrod\u011b \u2013 to je smysl bez obalu v DM - Park&amp;Shop Ostrava\",\"isPartOf\":{\"@id\":\"https:\/\/parkshop.cz\/ostrava\/#website\"},\"primaryImageOfPage\":{\"@id\":\"https:\/\/parkshop.cz\/ostrava\/mene-plastu-s-uctou-k-prirode-to-je-smysl-bez-obalu-v-dm\/#primaryimage\"},\"image\":{\"@id\":\"https:\/\/parkshop.cz\/ostrava\/mene-plastu-s-uctou-k-prirode-to-je-smysl-bez-obalu-v-dm\/#primaryimage\"},\"thumbnailUrl\":\"https:\/\/parkshop.cz\/ostrava\/wp-content\/uploads\/2025\/01\/inzerce-pro-OC_Plnici-stanice_13_1200-x-1200.jpg\",\"datePublished\":\"2025-01-28T12:25:12+00:00\",\"dateModified\":\"2025-01-28T12:30:24+00:00\",\"breadcrumb\":{\"@id\":\"https:\/\/parkshop.cz\/ostrava\/mene-plastu-s-uctou-k-prirode-to-je-smysl-bez-obalu-v-dm\/#breadcrumb\"},\"inLanguage\":\"cs\",\"potentialAction\":[{\"@type\":\"ReadAction\",\"target\":[\"https:\/\/parkshop.cz\/ostrava\/mene-plastu-s-uctou-k-prirode-to-je-smysl-bez-obalu-v-dm\/\"]}]},{\"@type\":\"ImageObject\",\"inLanguage\":\"cs\",\"@id\":\"https:\/\/parkshop.cz\/ostrava\/mene-plastu-s-uctou-k-prirode-to-je-smysl-bez-obalu-v-dm\/#primaryimage\",\"url\":\"https:\/\/parkshop.cz\/ostrava\/wp-content\/uploads\/2025\/01\/inzerce-pro-OC_Plnici-stanice_13_1200-x-1200.jpg\",\"contentUrl\":\"https:\/\/parkshop.cz\/ostrava\/wp-content\/uploads\/2025\/01\/inzerce-pro-OC_Plnici-stanice_13_1200-x-1200.jpg\",\"width\":1200,\"height\":1200},{\"@type\":\"BreadcrumbList\",\"@id\":\"https:\/\/parkshop.cz\/ostrava\/mene-plastu-s-uctou-k-prirode-to-je-smysl-bez-obalu-v-dm\/#breadcrumb\",\"itemListElement\":[{\"@type\":\"ListItem\",\"position\":1,\"name\":\"Dom\u016f\",\"item\":\"https:\/\/parkshop.cz\/ostrava\/\"},{\"@type\":\"ListItem\",\"position\":2,\"name\":\"M\u00e9n\u011b plastu, s \u00factou k p\u0159\u00edrod\u011b \u2013 to je smysl bez obalu v DM\"}]},{\"@type\":\"WebSite\",\"@id\":\"https:\/\/parkshop.cz\/ostrava\/#website\",\"url\":\"https:\/\/parkshop.cz\/ostrava\/\",\"name\":\"Park&amp;Shop Ostrava\",\"description\":\"\",\"publisher\":{\"@id\":\"https:\/\/parkshop.cz\/ostrava\/#organization\"},\"potentialAction\":[{\"@type\":\"SearchAction\",\"target\":{\"@type\":\"EntryPoint\",\"urlTemplate\":\"https:\/\/parkshop.cz\/ostrava\/?s={search_term_string}\"},\"query-input\":{\"@type\":\"PropertyValueSpecification\",\"valueRequired\":true,\"valueName\":\"search_term_string\"}}],\"inLanguage\":\"cs\"},{\"@type\":\"Organization\",\"@id\":\"https:\/\/parkshop.cz\/ostrava\/#organization\",\"name\":\"Park&amp;Shop Ostrava\",\"url\":\"https:\/\/parkshop.cz\/ostrava\/\",\"logo\":{\"@type\":\"ImageObject\",\"inLanguage\":\"cs\",\"@id\":\"https:\/\/parkshop.cz\/ostrava\/#\/schema\/logo\/image\/\",\"url\":\"https:\/\/parkshop.cz\/ostrava\/wp-content\/uploads\/2022\/10\/park_shop_logo.svg\",\"contentUrl\":\"https:\/\/parkshop.cz\/ostrava\/wp-content\/uploads\/2022\/10\/park_shop_logo.svg\",\"caption\":\"Park&amp;Shop Ostrava\"},\"image\":{\"@id\":\"https:\/\/parkshop.cz\/ostrava\/#\/schema\/logo\/image\/\"}},{\"@type\":\"Person\",\"@id\":\"https:\/\/parkshop.cz\/ostrava\/#\/schema\/person\/ae3d8fcb3e2d2f59aaf7b32eb2080e03\",\"name\":\"parkshopofc\",\"url\":\"https:\/\/parkshop.cz\/ostrava\/author\/parkshop\/\"}]}<\/script>\n<!-- \/ Yoast SEO plugin. -->","yoast_head_json":{"title":"M\u00e9n\u011b plastu, s \u00factou k p\u0159\u00edrod\u011b \u2013 to je smysl bez obalu v DM - Park&amp;Shop Ostrava","robots":{"index":"index","follow":"follow","max-snippet":"max-snippet:-1","max-image-preview":"max-image-preview:large","max-video-preview":"max-video-preview:-1"},"canonical":"https:\/\/parkshop.cz\/ostrava\/mene-plastu-s-uctou-k-prirode-to-je-smysl-bez-obalu-v-dm\/","og_locale":"cs_CZ","og_type":"article","og_title":"M\u00e9n\u011b plastu, s \u00factou k p\u0159\u00edrod\u011b \u2013 to je smysl bez obalu v DM - Park&amp;Shop Ostrava","og_description":"St\u00e1le v\u011bt\u0161\u00ed po\u010det z\u00e1kazn\u00edk\u016f a z\u00e1kaznic se zaj\u00edm\u00e1 o dopady sv\u00e9ho chov\u00e1n\u00ed na \u017eivotn\u00ed prost\u0159ed\u00ed. Velk\u00fdm t\u00e9matem trvale udr\u017eiteln\u00e9ho chov\u00e1n\u00ed [&hellip;]","og_url":"https:\/\/parkshop.cz\/ostrava\/mene-plastu-s-uctou-k-prirode-to-je-smysl-bez-obalu-v-dm\/","og_site_name":"Park&amp;Shop Ostrava","article_published_time":"2025-01-28T12:25:12+00:00","article_modified_time":"2025-01-28T12:30:24+00:00","og_image":[{"width":1200,"height":1200,"url":"https:\/\/parkshop.cz\/ostrava\/wp-content\/uploads\/2025\/01\/inzerce-pro-OC_Plnici-stanice_13_1200-x-1200.jpg","type":"image\/jpeg"}],"author":"parkshopofc","twitter_card":"summary_large_image","twitter_misc":{"Napsal(a)":"parkshopofc","Odhadovan\u00e1 doba \u010dten\u00ed":"1 minuta"},"schema":{"@context":"https:\/\/schema.org","@graph":[{"@type":"Article","@id":"https:\/\/parkshop.cz\/ostrava\/mene-plastu-s-uctou-k-prirode-to-je-smysl-bez-obalu-v-dm\/#article","isPartOf":{"@id":"https:\/\/parkshop.cz\/ostrava\/mene-plastu-s-uctou-k-prirode-to-je-smysl-bez-obalu-v-dm\/"},"author":{"name":"parkshopofc","@id":"https:\/\/parkshop.cz\/ostrava\/#\/schema\/person\/ae3d8fcb3e2d2f59aaf7b32eb2080e03"},"headline":"M\u00e9n\u011b plastu, s \u00factou k p\u0159\u00edrod\u011b \u2013 to je smysl bez obalu v DM","datePublished":"2025-01-28T12:25:12+00:00","dateModified":"2025-01-28T12:30:24+00:00","mainEntityOfPage":{"@id":"https:\/\/parkshop.cz\/ostrava\/mene-plastu-s-uctou-k-prirode-to-je-smysl-bez-obalu-v-dm\/"},"wordCount":185,"publisher":{"@id":"https:\/\/parkshop.cz\/ostrava\/#organization"},"image":{"@id":"https:\/\/parkshop.cz\/ostrava\/mene-plastu-s-uctou-k-prirode-to-je-smysl-bez-obalu-v-dm\/#primaryimage"},"thumbnailUrl":"https:\/\/parkshop.cz\/ostrava\/wp-content\/uploads\/2025\/01\/inzerce-pro-OC_Plnici-stanice_13_1200-x-1200.jpg","inLanguage":"cs"},{"@type":"WebPage","@id":"https:\/\/parkshop.cz\/ostrava\/mene-plastu-s-uctou-k-prirode-to-je-smysl-bez-obalu-v-dm\/","url":"https:\/\/parkshop.cz\/ostrava\/mene-plastu-s-uctou-k-prirode-to-je-smysl-bez-obalu-v-dm\/","name":"M\u00e9n\u011b plastu, s \u00factou k p\u0159\u00edrod\u011b \u2013 to je smysl bez obalu v DM - Park&amp;Shop Ostrava","isPartOf":{"@id":"https:\/\/parkshop.cz\/ostrava\/#website"},"primaryImageOfPage":{"@id":"https:\/\/parkshop.cz\/ostrava\/mene-plastu-s-uctou-k-prirode-to-je-smysl-bez-obalu-v-dm\/#primaryimage"},"image":{"@id":"https:\/\/parkshop.cz\/ostrava\/mene-plastu-s-uctou-k-prirode-to-je-smysl-bez-obalu-v-dm\/#primaryimage"},"thumbnailUrl":"https:\/\/parkshop.cz\/ostrava\/wp-content\/uploads\/2025\/01\/inzerce-pro-OC_Plnici-stanice_13_1200-x-1200.jpg","datePublished":"2025-01-28T12:25:12+00:00","dateModified":"2025-01-28T12:30:24+00:00","breadcrumb":{"@id":"https:\/\/parkshop.cz\/ostrava\/mene-plastu-s-uctou-k-prirode-to-je-smysl-bez-obalu-v-dm\/#breadcrumb"},"inLanguage":"cs","potentialAction":[{"@type":"ReadAction","target":["https:\/\/parkshop.cz\/ostrava\/mene-plastu-s-uctou-k-prirode-to-je-smysl-bez-obalu-v-dm\/"]}]},{"@type":"ImageObject","inLanguage":"cs","@id":"https:\/\/parkshop.cz\/ostrava\/mene-plastu-s-uctou-k-prirode-to-je-smysl-bez-obalu-v-dm\/#primaryimage","url":"https:\/\/parkshop.cz\/ostrava\/wp-content\/uploads\/2025\/01\/inzerce-pro-OC_Plnici-stanice_13_1200-x-1200.jpg","contentUrl":"https:\/\/parkshop.cz\/ostrava\/wp-content\/uploads\/2025\/01\/inzerce-pro-OC_Plnici-stanice_13_1200-x-1200.jpg","width":1200,"height":1200},{"@type":"BreadcrumbList","@id":"https:\/\/parkshop.cz\/ostrava\/mene-plastu-s-uctou-k-prirode-to-je-smysl-bez-obalu-v-dm\/#breadcrumb","itemListElement":[{"@type":"ListItem","position":1,"name":"Dom\u016f","item":"https:\/\/parkshop.cz\/ostrava\/"},{"@type":"ListItem","position":2,"name":"M\u00e9n\u011b plastu, s \u00factou k p\u0159\u00edrod\u011b \u2013 to je smysl bez obalu v DM"}]},{"@type":"WebSite","@id":"https:\/\/parkshop.cz\/ostrava\/#website","url":"https:\/\/parkshop.cz\/ostrava\/","name":"Park&amp;Shop Ostrava","description":"","publisher":{"@id":"https:\/\/parkshop.cz\/ostrava\/#organization"},"potentialAction":[{"@type":"SearchAction","target":{"@type":"EntryPoint","urlTemplate":"https:\/\/parkshop.cz\/ostrava\/?s={search_term_string}"},"query-input":{"@type":"PropertyValueSpecification","valueRequired":true,"valueName":"search_term_string"}}],"inLanguage":"cs"},{"@type":"Organization","@id":"https:\/\/parkshop.cz\/ostrava\/#organization","name":"Park&amp;Shop Ostrava","url":"https:\/\/parkshop.cz\/ostrava\/","logo":{"@type":"ImageObject","inLanguage":"cs","@id":"https:\/\/parkshop.cz\/ostrava\/#\/schema\/logo\/image\/","url":"https:\/\/parkshop.cz\/ostrava\/wp-content\/uploads\/2022\/10\/park_shop_logo.svg","contentUrl":"https:\/\/parkshop.cz\/ostrava\/wp-content\/uploads\/2022\/10\/park_shop_logo.svg","caption":"Park&amp;Shop Ostrava"},"image":{"@id":"https:\/\/parkshop.cz\/ostrava\/#\/schema\/logo\/image\/"}},{"@type":"Person","@id":"https:\/\/parkshop.cz\/ostrava\/#\/schema\/person\/ae3d8fcb3e2d2f59aaf7b32eb2080e03","name":"parkshopofc","url":"https:\/\/parkshop.cz\/ostrava\/author\/parkshop\/"}]}},"publishpress_future_action":{"enabled":false,"date":"2026-05-08 15:47:30","action":"change-status","newStatus":"draft","terms":[],"taxonomy":"category","extraData":[]},"publishpress_future_workflow_manual_trigger":{"enabledWorkflows":[]},"_links":{"self":[{"href":"https:\/\/parkshop.cz\/ostrava\/wp-json\/wp\/v2\/posts\/865","targetHints":{"allow":["GET"]}}],"collection":[{"href":"https:\/\/parkshop.cz\/ostrava\/wp-json\/wp\/v2\/posts"}],"about":[{"href":"https:\/\/parkshop.cz\/ostrava\/wp-json\/wp\/v2\/types\/post"}],"author":[{"embeddable":true,"href":"https:\/\/parkshop.cz\/ostrava\/wp-json\/wp\/v2\/users\/2"}],"replies":[{"embeddable":true,"href":"https:\/\/parkshop.cz\/ostrava\/wp-json\/wp\/v2\/comments?post=865"}],"version-history":[{"count":1,"href":"https:\/\/parkshop.cz\/ostrava\/wp-json\/wp\/v2\/posts\/865\/revisions"}],"predecessor-version":[{"id":867,"href":"https:\/\/parkshop.cz\/ostrava\/wp-json\/wp\/v2\/posts\/865\/revisions\/867"}],"wp:featuredmedia":[{"embeddable":true,"href":"https:\/\/parkshop.cz\/ostrava\/wp-json\/wp\/v2\/media\/866"}],"wp:attachment":[{"href":"https:\/\/parkshop.cz\/ostrava\/wp-json\/wp\/v2\/media?parent=865"}],"wp:term":[{"taxonomy":"category","embeddable":true,"href":"https:\/\/parkshop.cz\/ostrava\/wp-json\/wp\/v2\/categories?post=865"},{"taxonomy":"post_tag","embeddable":true,"href":"https:\/\/parkshop.cz\/ostrava\/wp-json\/wp\/v2\/tags?post=865"}],"curies":[{"name":"wp","href":"https:\/\/api.w.org\/{rel}","templated":true}]}}