{"id":573,"date":"2023-09-14T17:59:15","date_gmt":"2023-09-14T15:59:15","guid":{"rendered":"https:\/\/parkshop.cz\/ostrava\/?p=573"},"modified":"2023-09-14T17:59:15","modified_gmt":"2023-09-14T15:59:15","slug":"svetspanku-cz","status":"publish","type":"post","link":"https:\/\/parkshop.cz\/ostrava\/svetspanku-cz\/","title":{"rendered":"Sv\u011btSp\u00e1nku.cz"},"content":{"rendered":"<p>V r\u00e1mci v\u00edkendu 15.-17.9. u n\u00e1s na eshopu <a href=\"https:\/\/www.svetspanku.cz\/\">svetspanku.cz<\/a> a v\u0161ech na\u0161ich pobo\u010dk\u00e1ch prob\u011bhnou dny MARIANNE !<\/p>\n<p>Sleva bude opravdu na v\u0161e. Od matrac\u00ed a\u017e po cel\u00e9 komplety. Sleva bude platit od p\u00e1tku do ned\u011bln\u00ed p\u016flnoci.<\/p>\n<p>Na eshopu sta\u010d\u00ed zadat slevov\u00fd k\u00f3d\u00a0<strong><b>MARIANNE15<\/b>\u00a0<\/strong>a sleva se prom\u00edtne na v\u0161e v ko\u0161\u00edku.<\/p>\n<p>Tak poj\u010fte nakupovat !<\/p>\n","protected":false},"excerpt":{"rendered":"<p>V r\u00e1mci v\u00edkendu 15.-17.9. u n\u00e1s na eshopu svetspanku.cz a v\u0161ech na\u0161ich pobo\u010dk\u00e1ch prob\u011bhnou dny MARIANNE ! Sleva bude opravdu [&hellip;]<\/p>\n","protected":false},"author":2,"featured_media":574,"comment_status":"closed","ping_status":"open","sticky":false,"template":"","format":"standard","meta":{"_acf_changed":false,"footnotes":""},"categories":[1],"tags":[],"class_list":["post-573","post","type-post","status-publish","format-standard","has-post-thumbnail","hentry","category-nezarazene"],"acf":{"na_zacatek_akce":"15.09.2023","na_doba_trvani_akce_oddo":"15.09.2023 - 17.09.2023","na_obchod":{"ID":324,"post_author":"1","post_date":"2022-10-03 10:52:55","post_date_gmt":"2022-10-03 08:52:55","post_content":"Postele, matrace, p\u0159ikr\u00fdvky, pol\u0161t\u00e1\u0159e, \u00falo\u017en\u00e9 prostory, ro\u0161ty, to v\u0161e u n\u00e1s najdete. Vyr\u00e1b\u00edme vlastn\u00ed postele, matrace i komplety. Nakupovat od v\u00fdrobce se rozhodn\u011b vyplat\u00ed. 15 let specializace. Odborn\u00e9 poradenstv\u00ed. P\u0159izp\u016fsoben\u00ed na m\u00edru.\r\n\r\nOd roku 2002 se zab\u00fdv\u00e1me sortimentem pro zdrav\u00fd a kvalitn\u00ed sp\u00e1nek.","post_title":"Sv\u011bt sp\u00e1nku","post_excerpt":"","post_status":"publish","comment_status":"closed","ping_status":"closed","post_password":"","post_name":"svet-spanku","to_ping":"","pinged":"","post_modified":"2023-08-17 16:15:49","post_modified_gmt":"2023-08-17 14:15:49","post_content_filtered":"","post_parent":0,"guid":"https:\/\/parkshop.cz\/ostrava\/?post_type=obchody&#038;p=324","menu_order":0,"post_type":"obchody","post_mime_type":"","comment_count":"0","filter":"raw"}},"yoast_head":"<!-- This site is optimized with the Yoast SEO plugin v26.5 - https:\/\/yoast.com\/wordpress\/plugins\/seo\/ -->\n<title>Sv\u011btSp\u00e1nku.cz - Park&amp;Shop Ostrava<\/title>\n<meta name=\"robots\" content=\"index, follow, max-snippet:-1, max-image-preview:large, max-video-preview:-1\" \/>\n<link rel=\"canonical\" href=\"https:\/\/parkshop.cz\/ostrava\/svetspanku-cz\/\" \/>\n<meta property=\"og:locale\" content=\"cs_CZ\" \/>\n<meta property=\"og:type\" content=\"article\" \/>\n<meta property=\"og:title\" content=\"Sv\u011btSp\u00e1nku.cz - Park&amp;Shop Ostrava\" \/>\n<meta property=\"og:description\" content=\"V r\u00e1mci v\u00edkendu 15.-17.9. u n\u00e1s na eshopu svetspanku.cz a v\u0161ech na\u0161ich pobo\u010dk\u00e1ch prob\u011bhnou dny MARIANNE ! Sleva bude opravdu [&hellip;]\" \/>\n<meta property=\"og:url\" content=\"https:\/\/parkshop.cz\/ostrava\/svetspanku-cz\/\" \/>\n<meta property=\"og:site_name\" content=\"Park&amp;Shop Ostrava\" \/>\n<meta property=\"article:published_time\" content=\"2023-09-14T15:59:15+00:00\" \/>\n<meta property=\"og:image\" content=\"https:\/\/parkshop.cz\/ostrava\/wp-content\/uploads\/2023\/09\/23-marianne_w992.png\" \/>\n\t<meta property=\"og:image:width\" content=\"992\" \/>\n\t<meta property=\"og:image:height\" content=\"602\" \/>\n\t<meta property=\"og:image:type\" content=\"image\/png\" \/>\n<meta name=\"author\" content=\"parkshopofc\" \/>\n<meta name=\"twitter:card\" content=\"summary_large_image\" \/>\n<meta name=\"twitter:label1\" content=\"Napsal(a)\" \/>\n\t<meta name=\"twitter:data1\" content=\"parkshopofc\" \/>\n\t<meta name=\"twitter:label2\" content=\"Odhadovan\u00e1 doba \u010dten\u00ed\" \/>\n\t<meta name=\"twitter:data2\" content=\"1 minuta\" \/>\n<script type=\"application\/ld+json\" class=\"yoast-schema-graph\">{\"@context\":\"https:\/\/schema.org\",\"@graph\":[{\"@type\":\"Article\",\"@id\":\"https:\/\/parkshop.cz\/ostrava\/svetspanku-cz\/#article\",\"isPartOf\":{\"@id\":\"https:\/\/parkshop.cz\/ostrava\/svetspanku-cz\/\"},\"author\":{\"name\":\"parkshopofc\",\"@id\":\"https:\/\/parkshop.cz\/ostrava\/#\/schema\/person\/ae3d8fcb3e2d2f59aaf7b32eb2080e03\"},\"headline\":\"Sv\u011btSp\u00e1nku.cz\",\"datePublished\":\"2023-09-14T15:59:15+00:00\",\"mainEntityOfPage\":{\"@id\":\"https:\/\/parkshop.cz\/ostrava\/svetspanku-cz\/\"},\"wordCount\":75,\"publisher\":{\"@id\":\"https:\/\/parkshop.cz\/ostrava\/#organization\"},\"image\":{\"@id\":\"https:\/\/parkshop.cz\/ostrava\/svetspanku-cz\/#primaryimage\"},\"thumbnailUrl\":\"https:\/\/parkshop.cz\/ostrava\/wp-content\/uploads\/2023\/09\/23-marianne_w992.png\",\"inLanguage\":\"cs\"},{\"@type\":\"WebPage\",\"@id\":\"https:\/\/parkshop.cz\/ostrava\/svetspanku-cz\/\",\"url\":\"https:\/\/parkshop.cz\/ostrava\/svetspanku-cz\/\",\"name\":\"Sv\u011btSp\u00e1nku.cz - Park&amp;Shop Ostrava\",\"isPartOf\":{\"@id\":\"https:\/\/parkshop.cz\/ostrava\/#website\"},\"primaryImageOfPage\":{\"@id\":\"https:\/\/parkshop.cz\/ostrava\/svetspanku-cz\/#primaryimage\"},\"image\":{\"@id\":\"https:\/\/parkshop.cz\/ostrava\/svetspanku-cz\/#primaryimage\"},\"thumbnailUrl\":\"https:\/\/parkshop.cz\/ostrava\/wp-content\/uploads\/2023\/09\/23-marianne_w992.png\",\"datePublished\":\"2023-09-14T15:59:15+00:00\",\"breadcrumb\":{\"@id\":\"https:\/\/parkshop.cz\/ostrava\/svetspanku-cz\/#breadcrumb\"},\"inLanguage\":\"cs\",\"potentialAction\":[{\"@type\":\"ReadAction\",\"target\":[\"https:\/\/parkshop.cz\/ostrava\/svetspanku-cz\/\"]}]},{\"@type\":\"ImageObject\",\"inLanguage\":\"cs\",\"@id\":\"https:\/\/parkshop.cz\/ostrava\/svetspanku-cz\/#primaryimage\",\"url\":\"https:\/\/parkshop.cz\/ostrava\/wp-content\/uploads\/2023\/09\/23-marianne_w992.png\",\"contentUrl\":\"https:\/\/parkshop.cz\/ostrava\/wp-content\/uploads\/2023\/09\/23-marianne_w992.png\",\"width\":992,\"height\":602},{\"@type\":\"BreadcrumbList\",\"@id\":\"https:\/\/parkshop.cz\/ostrava\/svetspanku-cz\/#breadcrumb\",\"itemListElement\":[{\"@type\":\"ListItem\",\"position\":1,\"name\":\"Dom\u016f\",\"item\":\"https:\/\/parkshop.cz\/ostrava\/\"},{\"@type\":\"ListItem\",\"position\":2,\"name\":\"Sv\u011btSp\u00e1nku.cz\"}]},{\"@type\":\"WebSite\",\"@id\":\"https:\/\/parkshop.cz\/ostrava\/#website\",\"url\":\"https:\/\/parkshop.cz\/ostrava\/\",\"name\":\"Park&amp;Shop Ostrava\",\"description\":\"\",\"publisher\":{\"@id\":\"https:\/\/parkshop.cz\/ostrava\/#organization\"},\"potentialAction\":[{\"@type\":\"SearchAction\",\"target\":{\"@type\":\"EntryPoint\",\"urlTemplate\":\"https:\/\/parkshop.cz\/ostrava\/?s={search_term_string}\"},\"query-input\":{\"@type\":\"PropertyValueSpecification\",\"valueRequired\":true,\"valueName\":\"search_term_string\"}}],\"inLanguage\":\"cs\"},{\"@type\":\"Organization\",\"@id\":\"https:\/\/parkshop.cz\/ostrava\/#organization\",\"name\":\"Park&amp;Shop Ostrava\",\"url\":\"https:\/\/parkshop.cz\/ostrava\/\",\"logo\":{\"@type\":\"ImageObject\",\"inLanguage\":\"cs\",\"@id\":\"https:\/\/parkshop.cz\/ostrava\/#\/schema\/logo\/image\/\",\"url\":\"https:\/\/parkshop.cz\/ostrava\/wp-content\/uploads\/2022\/10\/park_shop_logo.svg\",\"contentUrl\":\"https:\/\/parkshop.cz\/ostrava\/wp-content\/uploads\/2022\/10\/park_shop_logo.svg\",\"caption\":\"Park&amp;Shop Ostrava\"},\"image\":{\"@id\":\"https:\/\/parkshop.cz\/ostrava\/#\/schema\/logo\/image\/\"}},{\"@type\":\"Person\",\"@id\":\"https:\/\/parkshop.cz\/ostrava\/#\/schema\/person\/ae3d8fcb3e2d2f59aaf7b32eb2080e03\",\"name\":\"parkshopofc\",\"url\":\"https:\/\/parkshop.cz\/ostrava\/author\/parkshop\/\"}]}<\/script>\n<!-- \/ Yoast SEO plugin. -->","yoast_head_json":{"title":"Sv\u011btSp\u00e1nku.cz - Park&amp;Shop Ostrava","robots":{"index":"index","follow":"follow","max-snippet":"max-snippet:-1","max-image-preview":"max-image-preview:large","max-video-preview":"max-video-preview:-1"},"canonical":"https:\/\/parkshop.cz\/ostrava\/svetspanku-cz\/","og_locale":"cs_CZ","og_type":"article","og_title":"Sv\u011btSp\u00e1nku.cz - Park&amp;Shop Ostrava","og_description":"V r\u00e1mci v\u00edkendu 15.-17.9. u n\u00e1s na eshopu svetspanku.cz a v\u0161ech na\u0161ich pobo\u010dk\u00e1ch prob\u011bhnou dny MARIANNE ! Sleva bude opravdu [&hellip;]","og_url":"https:\/\/parkshop.cz\/ostrava\/svetspanku-cz\/","og_site_name":"Park&amp;Shop Ostrava","article_published_time":"2023-09-14T15:59:15+00:00","og_image":[{"width":992,"height":602,"url":"https:\/\/parkshop.cz\/ostrava\/wp-content\/uploads\/2023\/09\/23-marianne_w992.png","type":"image\/png"}],"author":"parkshopofc","twitter_card":"summary_large_image","twitter_misc":{"Napsal(a)":"parkshopofc","Odhadovan\u00e1 doba \u010dten\u00ed":"1 minuta"},"schema":{"@context":"https:\/\/schema.org","@graph":[{"@type":"Article","@id":"https:\/\/parkshop.cz\/ostrava\/svetspanku-cz\/#article","isPartOf":{"@id":"https:\/\/parkshop.cz\/ostrava\/svetspanku-cz\/"},"author":{"name":"parkshopofc","@id":"https:\/\/parkshop.cz\/ostrava\/#\/schema\/person\/ae3d8fcb3e2d2f59aaf7b32eb2080e03"},"headline":"Sv\u011btSp\u00e1nku.cz","datePublished":"2023-09-14T15:59:15+00:00","mainEntityOfPage":{"@id":"https:\/\/parkshop.cz\/ostrava\/svetspanku-cz\/"},"wordCount":75,"publisher":{"@id":"https:\/\/parkshop.cz\/ostrava\/#organization"},"image":{"@id":"https:\/\/parkshop.cz\/ostrava\/svetspanku-cz\/#primaryimage"},"thumbnailUrl":"https:\/\/parkshop.cz\/ostrava\/wp-content\/uploads\/2023\/09\/23-marianne_w992.png","inLanguage":"cs"},{"@type":"WebPage","@id":"https:\/\/parkshop.cz\/ostrava\/svetspanku-cz\/","url":"https:\/\/parkshop.cz\/ostrava\/svetspanku-cz\/","name":"Sv\u011btSp\u00e1nku.cz - Park&amp;Shop Ostrava","isPartOf":{"@id":"https:\/\/parkshop.cz\/ostrava\/#website"},"primaryImageOfPage":{"@id":"https:\/\/parkshop.cz\/ostrava\/svetspanku-cz\/#primaryimage"},"image":{"@id":"https:\/\/parkshop.cz\/ostrava\/svetspanku-cz\/#primaryimage"},"thumbnailUrl":"https:\/\/parkshop.cz\/ostrava\/wp-content\/uploads\/2023\/09\/23-marianne_w992.png","datePublished":"2023-09-14T15:59:15+00:00","breadcrumb":{"@id":"https:\/\/parkshop.cz\/ostrava\/svetspanku-cz\/#breadcrumb"},"inLanguage":"cs","potentialAction":[{"@type":"ReadAction","target":["https:\/\/parkshop.cz\/ostrava\/svetspanku-cz\/"]}]},{"@type":"ImageObject","inLanguage":"cs","@id":"https:\/\/parkshop.cz\/ostrava\/svetspanku-cz\/#primaryimage","url":"https:\/\/parkshop.cz\/ostrava\/wp-content\/uploads\/2023\/09\/23-marianne_w992.png","contentUrl":"https:\/\/parkshop.cz\/ostrava\/wp-content\/uploads\/2023\/09\/23-marianne_w992.png","width":992,"height":602},{"@type":"BreadcrumbList","@id":"https:\/\/parkshop.cz\/ostrava\/svetspanku-cz\/#breadcrumb","itemListElement":[{"@type":"ListItem","position":1,"name":"Dom\u016f","item":"https:\/\/parkshop.cz\/ostrava\/"},{"@type":"ListItem","position":2,"name":"Sv\u011btSp\u00e1nku.cz"}]},{"@type":"WebSite","@id":"https:\/\/parkshop.cz\/ostrava\/#website","url":"https:\/\/parkshop.cz\/ostrava\/","name":"Park&amp;Shop Ostrava","description":"","publisher":{"@id":"https:\/\/parkshop.cz\/ostrava\/#organization"},"potentialAction":[{"@type":"SearchAction","target":{"@type":"EntryPoint","urlTemplate":"https:\/\/parkshop.cz\/ostrava\/?s={search_term_string}"},"query-input":{"@type":"PropertyValueSpecification","valueRequired":true,"valueName":"search_term_string"}}],"inLanguage":"cs"},{"@type":"Organization","@id":"https:\/\/parkshop.cz\/ostrava\/#organization","name":"Park&amp;Shop Ostrava","url":"https:\/\/parkshop.cz\/ostrava\/","logo":{"@type":"ImageObject","inLanguage":"cs","@id":"https:\/\/parkshop.cz\/ostrava\/#\/schema\/logo\/image\/","url":"https:\/\/parkshop.cz\/ostrava\/wp-content\/uploads\/2022\/10\/park_shop_logo.svg","contentUrl":"https:\/\/parkshop.cz\/ostrava\/wp-content\/uploads\/2022\/10\/park_shop_logo.svg","caption":"Park&amp;Shop Ostrava"},"image":{"@id":"https:\/\/parkshop.cz\/ostrava\/#\/schema\/logo\/image\/"}},{"@type":"Person","@id":"https:\/\/parkshop.cz\/ostrava\/#\/schema\/person\/ae3d8fcb3e2d2f59aaf7b32eb2080e03","name":"parkshopofc","url":"https:\/\/parkshop.cz\/ostrava\/author\/parkshop\/"}]}},"publishpress_future_action":{"enabled":false,"date":"2026-05-05 21:32:41","action":"change-status","newStatus":"draft","terms":[],"taxonomy":"category","extraData":[]},"publishpress_future_workflow_manual_trigger":{"enabledWorkflows":[]},"_links":{"self":[{"href":"https:\/\/parkshop.cz\/ostrava\/wp-json\/wp\/v2\/posts\/573","targetHints":{"allow":["GET"]}}],"collection":[{"href":"https:\/\/parkshop.cz\/ostrava\/wp-json\/wp\/v2\/posts"}],"about":[{"href":"https:\/\/parkshop.cz\/ostrava\/wp-json\/wp\/v2\/types\/post"}],"author":[{"embeddable":true,"href":"https:\/\/parkshop.cz\/ostrava\/wp-json\/wp\/v2\/users\/2"}],"replies":[{"embeddable":true,"href":"https:\/\/parkshop.cz\/ostrava\/wp-json\/wp\/v2\/comments?post=573"}],"version-history":[{"count":1,"href":"https:\/\/parkshop.cz\/ostrava\/wp-json\/wp\/v2\/posts\/573\/revisions"}],"predecessor-version":[{"id":575,"href":"https:\/\/parkshop.cz\/ostrava\/wp-json\/wp\/v2\/posts\/573\/revisions\/575"}],"wp:featuredmedia":[{"embeddable":true,"href":"https:\/\/parkshop.cz\/ostrava\/wp-json\/wp\/v2\/media\/574"}],"wp:attachment":[{"href":"https:\/\/parkshop.cz\/ostrava\/wp-json\/wp\/v2\/media?parent=573"}],"wp:term":[{"taxonomy":"category","embeddable":true,"href":"https:\/\/parkshop.cz\/ostrava\/wp-json\/wp\/v2\/categories?post=573"},{"taxonomy":"post_tag","embeddable":true,"href":"https:\/\/parkshop.cz\/ostrava\/wp-json\/wp\/v2\/tags?post=573"}],"curies":[{"name":"wp","href":"https:\/\/api.w.org\/{rel}","templated":true}]}}