{"id":508,"date":"2023-04-04T14:51:04","date_gmt":"2023-04-04T12:51:04","guid":{"rendered":"https:\/\/parkshop.cz\/ostrava\/?p=508"},"modified":"2023-08-01T16:22:52","modified_gmt":"2023-08-01T14:22:52","slug":"508-2","status":"publish","type":"post","link":"https:\/\/parkshop.cz\/ostrava\/508-2\/","title":{"rendered":"Rozlu\u010dte se s nudn\u00fdmi barvami a p\u0159iv\u00edtejte pestrost"},"content":{"rendered":"<p style=\"font-weight: 400\">Leto\u0161n\u00edmi trendy v l\u00ed\u010den\u00ed jsou v\u00fdrazn\u00e9 tv\u00e1\u0159e, o\u010di i rty ve v\u0161ech barevn\u00fdch kombinac\u00edch. P\u0159i vytv\u00e1\u0159en\u00ed looku zv\u00fdrazn\u011bte o\u010di pomoc\u00ed barevn\u00fdch o\u010dn\u00edch st\u00edn\u016f. S tv\u00e1\u0159enkou rozhodn\u011b \u0161et\u0159it nemus\u00edte. Aplikujte ji nejen na tv\u00e1\u0159e, ale tak\u00e9 na hranu nosu pro tzv. polibek od slunce. Rty nezapome\u0148te zv\u00fdraznit pomoc\u00ed rt\u011bnky a konturovac\u00ed tu\u017eky. P\u0159i zkr\u00e1\u0161lov\u00e1n\u00ed se nebojte zkou\u0161et nov\u00e9 techniky, barvy a r\u016fzn\u00e9 textury. Inspirace je v\u0161ude kolem n\u00e1s, sta\u010d\u00ed jen vn\u00edmat sv\u011bt kolem sebe a pono\u0159it se do jeho barev. Vytvo\u0159te si zaj\u00edmav\u00fd look, kter\u00fdm okouzl\u00edte nejen sebe, ale i sv\u00e9 okol\u00ed. V\u00edce na\u00a0<a href=\"http:\/\/www.dm.cz\/beauty\" data-saferedirecturl=\"https:\/\/www.google.com\/url?q=http:\/\/www.dm.cz\/beauty&amp;source=gmail&amp;ust=1680695182041000&amp;usg=AOvVaw3KOcwRjUZnkox8V2uVcatz\">www.dm.cz\/beauty<\/a><\/p>\n","protected":false},"excerpt":{"rendered":"<p>Leto\u0161n\u00edmi trendy v l\u00ed\u010den\u00ed jsou v\u00fdrazn\u00e9 tv\u00e1\u0159e, o\u010di i rty ve v\u0161ech barevn\u00fdch kombinac\u00edch. P\u0159i vytv\u00e1\u0159en\u00ed looku zv\u00fdrazn\u011bte o\u010di pomoc\u00ed [&hellip;]<\/p>\n","protected":false},"author":3,"featured_media":509,"comment_status":"closed","ping_status":"open","sticky":false,"template":"","format":"standard","meta":{"_acf_changed":false,"footnotes":""},"categories":[1],"tags":[],"class_list":["post-508","post","type-post","status-publish","format-standard","has-post-thumbnail","hentry","category-nezarazene"],"acf":{"na_zacatek_akce":"06.04.2023","na_doba_trvani_akce_oddo":"6.4.2023 - 3.5.2023","na_obchod":{"ID":268,"post_author":"1","post_date":"2022-09-08 14:45:52","post_date_gmt":"2022-09-08 12:45:52","post_content":"V dm najdete \u0161irok\u00fd sortiment v\u00fdrobk\u016f p\u00e9\u010de o t\u011blo, vlasy a ple\u0165, dekorativn\u00ed kosmetiku, kosmetiku pro mu\u017ee, biopotraviny, p\u0159\u00edrodn\u00ed kosmetiku, krmivo pro dom\u00e1c\u00ed mazl\u00ed\u010dky, produkty p\u00e9\u010de o d\u00edt\u011b a d\u011btskou v\u00fd\u017eivu a jin\u00e9. Je zde mo\u017enost zpracov\u00e1n\u00ed fotografi\u00ed a \u0161irok\u00e1 nab\u00eddka fotod\u00e1rk\u016f. Nab\u00edz\u00edme i velk\u00fd v\u00fdb\u011br vysoce kvalitn\u00edch produkt\u016f dm zna\u010dek, kter\u00e9 jsou k dost\u00e1n\u00ed za p\u0159\u00edzniv\u00e9 ceny. dm m\u00e1 nav\u00edc pro sv\u00e9 z\u00e1kazn\u00edky atraktivn\u00ed v\u011brnostn\u00ed program active beauty.\r\n\r\nBezplatn\u00e1 telefonn\u00ed linka: 800 100 808.","post_title":"dm drogerie markt","post_excerpt":"","post_status":"publish","comment_status":"closed","ping_status":"closed","post_password":"","post_name":"dm-drogerie-markt","to_ping":"","pinged":"","post_modified":"2022-10-12 09:38:33","post_modified_gmt":"2022-10-12 07:38:33","post_content_filtered":"","post_parent":0,"guid":"http:\/\/nphana.cz.uvirt123.active24.cz\/?post_type=obchody&#038;p=268","menu_order":0,"post_type":"obchody","post_mime_type":"","comment_count":"0","filter":"raw"}},"yoast_head":"<!-- This site is optimized with the Yoast SEO plugin v26.5 - https:\/\/yoast.com\/wordpress\/plugins\/seo\/ -->\n<title>Rozlu\u010dte se s nudn\u00fdmi barvami a p\u0159iv\u00edtejte pestrost - Park&amp;Shop Ostrava<\/title>\n<meta name=\"robots\" content=\"index, follow, max-snippet:-1, max-image-preview:large, max-video-preview:-1\" \/>\n<link rel=\"canonical\" href=\"https:\/\/parkshop.cz\/ostrava\/508-2\/\" \/>\n<meta property=\"og:locale\" content=\"cs_CZ\" \/>\n<meta property=\"og:type\" content=\"article\" \/>\n<meta property=\"og:title\" content=\"Rozlu\u010dte se s nudn\u00fdmi barvami a p\u0159iv\u00edtejte pestrost - Park&amp;Shop Ostrava\" \/>\n<meta property=\"og:description\" content=\"Leto\u0161n\u00edmi trendy v l\u00ed\u010den\u00ed jsou v\u00fdrazn\u00e9 tv\u00e1\u0159e, o\u010di i rty ve v\u0161ech barevn\u00fdch kombinac\u00edch. P\u0159i vytv\u00e1\u0159en\u00ed looku zv\u00fdrazn\u011bte o\u010di pomoc\u00ed [&hellip;]\" \/>\n<meta property=\"og:url\" content=\"https:\/\/parkshop.cz\/ostrava\/508-2\/\" \/>\n<meta property=\"og:site_name\" content=\"Park&amp;Shop Ostrava\" \/>\n<meta property=\"article:published_time\" content=\"2023-04-04T12:51:04+00:00\" \/>\n<meta property=\"article:modified_time\" content=\"2023-08-01T14:22:52+00:00\" \/>\n<meta property=\"og:image\" content=\"https:\/\/parkshop.cz\/ostrava\/wp-content\/uploads\/2023\/04\/inzerce-pro-OC_Maluji-svuj-zivot-barevne_35_810x440.jpg\" \/>\n\t<meta property=\"og:image:width\" content=\"810\" \/>\n\t<meta property=\"og:image:height\" content=\"440\" \/>\n\t<meta property=\"og:image:type\" content=\"image\/jpeg\" \/>\n<meta name=\"author\" content=\"kolarikvindetect\" \/>\n<meta name=\"twitter:card\" content=\"summary_large_image\" \/>\n<meta name=\"twitter:label1\" content=\"Napsal(a)\" \/>\n\t<meta name=\"twitter:data1\" content=\"kolarikvindetect\" \/>\n\t<meta name=\"twitter:label2\" content=\"Odhadovan\u00e1 doba \u010dten\u00ed\" \/>\n\t<meta name=\"twitter:data2\" content=\"1 minuta\" \/>\n<script type=\"application\/ld+json\" class=\"yoast-schema-graph\">{\"@context\":\"https:\/\/schema.org\",\"@graph\":[{\"@type\":\"Article\",\"@id\":\"https:\/\/parkshop.cz\/ostrava\/508-2\/#article\",\"isPartOf\":{\"@id\":\"https:\/\/parkshop.cz\/ostrava\/508-2\/\"},\"author\":{\"name\":\"kolarikvindetect\",\"@id\":\"https:\/\/parkshop.cz\/ostrava\/#\/schema\/person\/148eafd0e533b6a741db38ade995d59c\"},\"headline\":\"Rozlu\u010dte se s nudn\u00fdmi barvami a p\u0159iv\u00edtejte pestrost\",\"datePublished\":\"2023-04-04T12:51:04+00:00\",\"dateModified\":\"2023-08-01T14:22:52+00:00\",\"mainEntityOfPage\":{\"@id\":\"https:\/\/parkshop.cz\/ostrava\/508-2\/\"},\"wordCount\":150,\"publisher\":{\"@id\":\"https:\/\/parkshop.cz\/ostrava\/#organization\"},\"image\":{\"@id\":\"https:\/\/parkshop.cz\/ostrava\/508-2\/#primaryimage\"},\"thumbnailUrl\":\"https:\/\/parkshop.cz\/ostrava\/wp-content\/uploads\/2023\/04\/inzerce-pro-OC_Maluji-svuj-zivot-barevne_35_810x440.jpg\",\"inLanguage\":\"cs\"},{\"@type\":\"WebPage\",\"@id\":\"https:\/\/parkshop.cz\/ostrava\/508-2\/\",\"url\":\"https:\/\/parkshop.cz\/ostrava\/508-2\/\",\"name\":\"Rozlu\u010dte se s nudn\u00fdmi barvami a p\u0159iv\u00edtejte pestrost - Park&amp;Shop Ostrava\",\"isPartOf\":{\"@id\":\"https:\/\/parkshop.cz\/ostrava\/#website\"},\"primaryImageOfPage\":{\"@id\":\"https:\/\/parkshop.cz\/ostrava\/508-2\/#primaryimage\"},\"image\":{\"@id\":\"https:\/\/parkshop.cz\/ostrava\/508-2\/#primaryimage\"},\"thumbnailUrl\":\"https:\/\/parkshop.cz\/ostrava\/wp-content\/uploads\/2023\/04\/inzerce-pro-OC_Maluji-svuj-zivot-barevne_35_810x440.jpg\",\"datePublished\":\"2023-04-04T12:51:04+00:00\",\"dateModified\":\"2023-08-01T14:22:52+00:00\",\"breadcrumb\":{\"@id\":\"https:\/\/parkshop.cz\/ostrava\/508-2\/#breadcrumb\"},\"inLanguage\":\"cs\",\"potentialAction\":[{\"@type\":\"ReadAction\",\"target\":[\"https:\/\/parkshop.cz\/ostrava\/508-2\/\"]}]},{\"@type\":\"ImageObject\",\"inLanguage\":\"cs\",\"@id\":\"https:\/\/parkshop.cz\/ostrava\/508-2\/#primaryimage\",\"url\":\"https:\/\/parkshop.cz\/ostrava\/wp-content\/uploads\/2023\/04\/inzerce-pro-OC_Maluji-svuj-zivot-barevne_35_810x440.jpg\",\"contentUrl\":\"https:\/\/parkshop.cz\/ostrava\/wp-content\/uploads\/2023\/04\/inzerce-pro-OC_Maluji-svuj-zivot-barevne_35_810x440.jpg\",\"width\":810,\"height\":440},{\"@type\":\"BreadcrumbList\",\"@id\":\"https:\/\/parkshop.cz\/ostrava\/508-2\/#breadcrumb\",\"itemListElement\":[{\"@type\":\"ListItem\",\"position\":1,\"name\":\"Dom\u016f\",\"item\":\"https:\/\/parkshop.cz\/ostrava\/\"},{\"@type\":\"ListItem\",\"position\":2,\"name\":\"Rozlu\u010dte se s nudn\u00fdmi barvami a p\u0159iv\u00edtejte pestrost\"}]},{\"@type\":\"WebSite\",\"@id\":\"https:\/\/parkshop.cz\/ostrava\/#website\",\"url\":\"https:\/\/parkshop.cz\/ostrava\/\",\"name\":\"Park&amp;Shop Ostrava\",\"description\":\"\",\"publisher\":{\"@id\":\"https:\/\/parkshop.cz\/ostrava\/#organization\"},\"potentialAction\":[{\"@type\":\"SearchAction\",\"target\":{\"@type\":\"EntryPoint\",\"urlTemplate\":\"https:\/\/parkshop.cz\/ostrava\/?s={search_term_string}\"},\"query-input\":{\"@type\":\"PropertyValueSpecification\",\"valueRequired\":true,\"valueName\":\"search_term_string\"}}],\"inLanguage\":\"cs\"},{\"@type\":\"Organization\",\"@id\":\"https:\/\/parkshop.cz\/ostrava\/#organization\",\"name\":\"Park&amp;Shop Ostrava\",\"url\":\"https:\/\/parkshop.cz\/ostrava\/\",\"logo\":{\"@type\":\"ImageObject\",\"inLanguage\":\"cs\",\"@id\":\"https:\/\/parkshop.cz\/ostrava\/#\/schema\/logo\/image\/\",\"url\":\"https:\/\/parkshop.cz\/ostrava\/wp-content\/uploads\/2022\/10\/park_shop_logo.svg\",\"contentUrl\":\"https:\/\/parkshop.cz\/ostrava\/wp-content\/uploads\/2022\/10\/park_shop_logo.svg\",\"caption\":\"Park&amp;Shop Ostrava\"},\"image\":{\"@id\":\"https:\/\/parkshop.cz\/ostrava\/#\/schema\/logo\/image\/\"}},{\"@type\":\"Person\",\"@id\":\"https:\/\/parkshop.cz\/ostrava\/#\/schema\/person\/148eafd0e533b6a741db38ade995d59c\",\"name\":\"kolarikvindetect\",\"url\":\"https:\/\/parkshop.cz\/ostrava\/author\/kolarik\/\"}]}<\/script>\n<!-- \/ Yoast SEO plugin. -->","yoast_head_json":{"title":"Rozlu\u010dte se s nudn\u00fdmi barvami a p\u0159iv\u00edtejte pestrost - Park&amp;Shop Ostrava","robots":{"index":"index","follow":"follow","max-snippet":"max-snippet:-1","max-image-preview":"max-image-preview:large","max-video-preview":"max-video-preview:-1"},"canonical":"https:\/\/parkshop.cz\/ostrava\/508-2\/","og_locale":"cs_CZ","og_type":"article","og_title":"Rozlu\u010dte se s nudn\u00fdmi barvami a p\u0159iv\u00edtejte pestrost - Park&amp;Shop Ostrava","og_description":"Leto\u0161n\u00edmi trendy v l\u00ed\u010den\u00ed jsou v\u00fdrazn\u00e9 tv\u00e1\u0159e, o\u010di i rty ve v\u0161ech barevn\u00fdch kombinac\u00edch. P\u0159i vytv\u00e1\u0159en\u00ed looku zv\u00fdrazn\u011bte o\u010di pomoc\u00ed [&hellip;]","og_url":"https:\/\/parkshop.cz\/ostrava\/508-2\/","og_site_name":"Park&amp;Shop Ostrava","article_published_time":"2023-04-04T12:51:04+00:00","article_modified_time":"2023-08-01T14:22:52+00:00","og_image":[{"width":810,"height":440,"url":"https:\/\/parkshop.cz\/ostrava\/wp-content\/uploads\/2023\/04\/inzerce-pro-OC_Maluji-svuj-zivot-barevne_35_810x440.jpg","type":"image\/jpeg"}],"author":"kolarikvindetect","twitter_card":"summary_large_image","twitter_misc":{"Napsal(a)":"kolarikvindetect","Odhadovan\u00e1 doba \u010dten\u00ed":"1 minuta"},"schema":{"@context":"https:\/\/schema.org","@graph":[{"@type":"Article","@id":"https:\/\/parkshop.cz\/ostrava\/508-2\/#article","isPartOf":{"@id":"https:\/\/parkshop.cz\/ostrava\/508-2\/"},"author":{"name":"kolarikvindetect","@id":"https:\/\/parkshop.cz\/ostrava\/#\/schema\/person\/148eafd0e533b6a741db38ade995d59c"},"headline":"Rozlu\u010dte se s nudn\u00fdmi barvami a p\u0159iv\u00edtejte pestrost","datePublished":"2023-04-04T12:51:04+00:00","dateModified":"2023-08-01T14:22:52+00:00","mainEntityOfPage":{"@id":"https:\/\/parkshop.cz\/ostrava\/508-2\/"},"wordCount":150,"publisher":{"@id":"https:\/\/parkshop.cz\/ostrava\/#organization"},"image":{"@id":"https:\/\/parkshop.cz\/ostrava\/508-2\/#primaryimage"},"thumbnailUrl":"https:\/\/parkshop.cz\/ostrava\/wp-content\/uploads\/2023\/04\/inzerce-pro-OC_Maluji-svuj-zivot-barevne_35_810x440.jpg","inLanguage":"cs"},{"@type":"WebPage","@id":"https:\/\/parkshop.cz\/ostrava\/508-2\/","url":"https:\/\/parkshop.cz\/ostrava\/508-2\/","name":"Rozlu\u010dte se s nudn\u00fdmi barvami a p\u0159iv\u00edtejte pestrost - Park&amp;Shop Ostrava","isPartOf":{"@id":"https:\/\/parkshop.cz\/ostrava\/#website"},"primaryImageOfPage":{"@id":"https:\/\/parkshop.cz\/ostrava\/508-2\/#primaryimage"},"image":{"@id":"https:\/\/parkshop.cz\/ostrava\/508-2\/#primaryimage"},"thumbnailUrl":"https:\/\/parkshop.cz\/ostrava\/wp-content\/uploads\/2023\/04\/inzerce-pro-OC_Maluji-svuj-zivot-barevne_35_810x440.jpg","datePublished":"2023-04-04T12:51:04+00:00","dateModified":"2023-08-01T14:22:52+00:00","breadcrumb":{"@id":"https:\/\/parkshop.cz\/ostrava\/508-2\/#breadcrumb"},"inLanguage":"cs","potentialAction":[{"@type":"ReadAction","target":["https:\/\/parkshop.cz\/ostrava\/508-2\/"]}]},{"@type":"ImageObject","inLanguage":"cs","@id":"https:\/\/parkshop.cz\/ostrava\/508-2\/#primaryimage","url":"https:\/\/parkshop.cz\/ostrava\/wp-content\/uploads\/2023\/04\/inzerce-pro-OC_Maluji-svuj-zivot-barevne_35_810x440.jpg","contentUrl":"https:\/\/parkshop.cz\/ostrava\/wp-content\/uploads\/2023\/04\/inzerce-pro-OC_Maluji-svuj-zivot-barevne_35_810x440.jpg","width":810,"height":440},{"@type":"BreadcrumbList","@id":"https:\/\/parkshop.cz\/ostrava\/508-2\/#breadcrumb","itemListElement":[{"@type":"ListItem","position":1,"name":"Dom\u016f","item":"https:\/\/parkshop.cz\/ostrava\/"},{"@type":"ListItem","position":2,"name":"Rozlu\u010dte se s nudn\u00fdmi barvami a p\u0159iv\u00edtejte pestrost"}]},{"@type":"WebSite","@id":"https:\/\/parkshop.cz\/ostrava\/#website","url":"https:\/\/parkshop.cz\/ostrava\/","name":"Park&amp;Shop Ostrava","description":"","publisher":{"@id":"https:\/\/parkshop.cz\/ostrava\/#organization"},"potentialAction":[{"@type":"SearchAction","target":{"@type":"EntryPoint","urlTemplate":"https:\/\/parkshop.cz\/ostrava\/?s={search_term_string}"},"query-input":{"@type":"PropertyValueSpecification","valueRequired":true,"valueName":"search_term_string"}}],"inLanguage":"cs"},{"@type":"Organization","@id":"https:\/\/parkshop.cz\/ostrava\/#organization","name":"Park&amp;Shop Ostrava","url":"https:\/\/parkshop.cz\/ostrava\/","logo":{"@type":"ImageObject","inLanguage":"cs","@id":"https:\/\/parkshop.cz\/ostrava\/#\/schema\/logo\/image\/","url":"https:\/\/parkshop.cz\/ostrava\/wp-content\/uploads\/2022\/10\/park_shop_logo.svg","contentUrl":"https:\/\/parkshop.cz\/ostrava\/wp-content\/uploads\/2022\/10\/park_shop_logo.svg","caption":"Park&amp;Shop Ostrava"},"image":{"@id":"https:\/\/parkshop.cz\/ostrava\/#\/schema\/logo\/image\/"}},{"@type":"Person","@id":"https:\/\/parkshop.cz\/ostrava\/#\/schema\/person\/148eafd0e533b6a741db38ade995d59c","name":"kolarikvindetect","url":"https:\/\/parkshop.cz\/ostrava\/author\/kolarik\/"}]}},"publishpress_future_action":{"enabled":false,"date":"2026-05-05 21:32:11","action":"change-status","newStatus":"draft","terms":[],"taxonomy":"category","extraData":[]},"publishpress_future_workflow_manual_trigger":{"enabledWorkflows":[]},"_links":{"self":[{"href":"https:\/\/parkshop.cz\/ostrava\/wp-json\/wp\/v2\/posts\/508","targetHints":{"allow":["GET"]}}],"collection":[{"href":"https:\/\/parkshop.cz\/ostrava\/wp-json\/wp\/v2\/posts"}],"about":[{"href":"https:\/\/parkshop.cz\/ostrava\/wp-json\/wp\/v2\/types\/post"}],"author":[{"embeddable":true,"href":"https:\/\/parkshop.cz\/ostrava\/wp-json\/wp\/v2\/users\/3"}],"replies":[{"embeddable":true,"href":"https:\/\/parkshop.cz\/ostrava\/wp-json\/wp\/v2\/comments?post=508"}],"version-history":[{"count":3,"href":"https:\/\/parkshop.cz\/ostrava\/wp-json\/wp\/v2\/posts\/508\/revisions"}],"predecessor-version":[{"id":559,"href":"https:\/\/parkshop.cz\/ostrava\/wp-json\/wp\/v2\/posts\/508\/revisions\/559"}],"wp:featuredmedia":[{"embeddable":true,"href":"https:\/\/parkshop.cz\/ostrava\/wp-json\/wp\/v2\/media\/509"}],"wp:attachment":[{"href":"https:\/\/parkshop.cz\/ostrava\/wp-json\/wp\/v2\/media?parent=508"}],"wp:term":[{"taxonomy":"category","embeddable":true,"href":"https:\/\/parkshop.cz\/ostrava\/wp-json\/wp\/v2\/categories?post=508"},{"taxonomy":"post_tag","embeddable":true,"href":"https:\/\/parkshop.cz\/ostrava\/wp-json\/wp\/v2\/tags?post=508"}],"curies":[{"name":"wp","href":"https:\/\/api.w.org\/{rel}","templated":true}]}}