{"id":499,"date":"2023-03-10T09:03:11","date_gmt":"2023-03-10T08:03:11","guid":{"rendered":"https:\/\/parkshop.cz\/ostrava\/?p=499"},"modified":"2023-03-10T09:03:11","modified_gmt":"2023-03-10T08:03:11","slug":"jaro-plne-trendy-barev","status":"publish","type":"post","link":"https:\/\/parkshop.cz\/ostrava\/jaro-plne-trendy-barev\/","title":{"rendered":"Jaro pln\u00e9 trendy barev"},"content":{"rendered":"<p>P\u0159ipravte se na jaro a objevte trendy barvy ze sv\u011bta kr\u00e1sy. P\u0159i zkr\u00e1\u0161lov\u00e1n\u00ed dejte pr\u016fchod sv\u00e9 fantazii a nebojte se vyj\u00e1d\u0159it sv\u016fj styl a to, jak se c\u00edt\u00edte. Inspirujte se nap\u0159\u00edklad barvou roku 2023, kterou je Viva Magenta, a rozhodn\u011b ne\u0161l\u00e1pnete vedle. Jedn\u00e1 se o odst\u00edn v\u00ednov\u00e9 barvy s n\u00e1dechem fuchsiov\u00e9. Probouz\u00ed optimismus, radost, \u017eivotn\u00ed energii a chu\u0165 experimentovat. Vytvo\u0159te si s barvou roku dokonalou manik\u00faru nebo elegantn\u00ed l\u00ed\u010den\u00ed. V\u00edce tip\u016f a inspirace najdete na dm.cz\/beauty. \u2728<\/p>\n","protected":false},"excerpt":{"rendered":"<p>P\u0159ipravte se na jaro a objevte trendy barvy ze sv\u011bta kr\u00e1sy. P\u0159i zkr\u00e1\u0161lov\u00e1n\u00ed dejte pr\u016fchod sv\u00e9 fantazii a nebojte se [&hellip;]<\/p>\n","protected":false},"author":2,"featured_media":500,"comment_status":"closed","ping_status":"open","sticky":false,"template":"","format":"standard","meta":{"_acf_changed":false,"footnotes":""},"categories":[1],"tags":[],"class_list":["post-499","post","type-post","status-publish","format-standard","has-post-thumbnail","hentry","category-nezarazene"],"acf":{"na_zacatek_akce":"09.03.2023","na_doba_trvani_akce_oddo":"9.3.2023 - 5.4.2023","na_obchod":{"ID":268,"post_author":"1","post_date":"2022-09-08 14:45:52","post_date_gmt":"2022-09-08 12:45:52","post_content":"V dm najdete \u0161irok\u00fd sortiment v\u00fdrobk\u016f p\u00e9\u010de o t\u011blo, vlasy a ple\u0165, dekorativn\u00ed kosmetiku, kosmetiku pro mu\u017ee, biopotraviny, p\u0159\u00edrodn\u00ed kosmetiku, krmivo pro dom\u00e1c\u00ed mazl\u00ed\u010dky, produkty p\u00e9\u010de o d\u00edt\u011b a d\u011btskou v\u00fd\u017eivu a jin\u00e9. Je zde mo\u017enost zpracov\u00e1n\u00ed fotografi\u00ed a \u0161irok\u00e1 nab\u00eddka fotod\u00e1rk\u016f. Nab\u00edz\u00edme i velk\u00fd v\u00fdb\u011br vysoce kvalitn\u00edch produkt\u016f dm zna\u010dek, kter\u00e9 jsou k dost\u00e1n\u00ed za p\u0159\u00edzniv\u00e9 ceny. dm m\u00e1 nav\u00edc pro sv\u00e9 z\u00e1kazn\u00edky atraktivn\u00ed v\u011brnostn\u00ed program active beauty.\r\n\r\nBezplatn\u00e1 telefonn\u00ed linka: 800 100 808.","post_title":"dm drogerie markt","post_excerpt":"","post_status":"publish","comment_status":"closed","ping_status":"closed","post_password":"","post_name":"dm-drogerie-markt","to_ping":"","pinged":"","post_modified":"2022-10-12 09:38:33","post_modified_gmt":"2022-10-12 07:38:33","post_content_filtered":"","post_parent":0,"guid":"http:\/\/nphana.cz.uvirt123.active24.cz\/?post_type=obchody&#038;p=268","menu_order":0,"post_type":"obchody","post_mime_type":"","comment_count":"0","filter":"raw"}},"yoast_head":"<!-- This site is optimized with the Yoast SEO plugin v26.5 - https:\/\/yoast.com\/wordpress\/plugins\/seo\/ -->\n<title>Jaro pln\u00e9 trendy barev - Park&amp;Shop Ostrava<\/title>\n<meta name=\"robots\" content=\"index, follow, max-snippet:-1, max-image-preview:large, max-video-preview:-1\" \/>\n<link rel=\"canonical\" href=\"https:\/\/parkshop.cz\/ostrava\/jaro-plne-trendy-barev\/\" \/>\n<meta property=\"og:locale\" content=\"cs_CZ\" \/>\n<meta property=\"og:type\" content=\"article\" \/>\n<meta property=\"og:title\" content=\"Jaro pln\u00e9 trendy barev - Park&amp;Shop Ostrava\" \/>\n<meta property=\"og:description\" content=\"P\u0159ipravte se na jaro a objevte trendy barvy ze sv\u011bta kr\u00e1sy. P\u0159i zkr\u00e1\u0161lov\u00e1n\u00ed dejte pr\u016fchod sv\u00e9 fantazii a nebojte se [&hellip;]\" \/>\n<meta property=\"og:url\" content=\"https:\/\/parkshop.cz\/ostrava\/jaro-plne-trendy-barev\/\" \/>\n<meta property=\"og:site_name\" content=\"Park&amp;Shop Ostrava\" \/>\n<meta property=\"article:published_time\" content=\"2023-03-10T08:03:11+00:00\" \/>\n<meta property=\"og:image\" content=\"https:\/\/parkshop.cz\/ostrava\/wp-content\/uploads\/2023\/03\/inzerce-pro-OC_Maj-svIt-zastava-barevny_12_1200x1200.jpg\" \/>\n\t<meta property=\"og:image:width\" content=\"1200\" \/>\n\t<meta property=\"og:image:height\" content=\"1200\" \/>\n\t<meta property=\"og:image:type\" content=\"image\/jpeg\" \/>\n<meta name=\"author\" content=\"parkshopofc\" \/>\n<meta name=\"twitter:card\" content=\"summary_large_image\" \/>\n<meta name=\"twitter:label1\" content=\"Napsal(a)\" \/>\n\t<meta name=\"twitter:data1\" content=\"parkshopofc\" \/>\n\t<meta name=\"twitter:label2\" content=\"Odhadovan\u00e1 doba \u010dten\u00ed\" \/>\n\t<meta name=\"twitter:data2\" content=\"1 minuta\" \/>\n<script type=\"application\/ld+json\" class=\"yoast-schema-graph\">{\"@context\":\"https:\/\/schema.org\",\"@graph\":[{\"@type\":\"Article\",\"@id\":\"https:\/\/parkshop.cz\/ostrava\/jaro-plne-trendy-barev\/#article\",\"isPartOf\":{\"@id\":\"https:\/\/parkshop.cz\/ostrava\/jaro-plne-trendy-barev\/\"},\"author\":{\"name\":\"parkshopofc\",\"@id\":\"https:\/\/parkshop.cz\/ostrava\/#\/schema\/person\/ae3d8fcb3e2d2f59aaf7b32eb2080e03\"},\"headline\":\"Jaro pln\u00e9 trendy barev\",\"datePublished\":\"2023-03-10T08:03:11+00:00\",\"mainEntityOfPage\":{\"@id\":\"https:\/\/parkshop.cz\/ostrava\/jaro-plne-trendy-barev\/\"},\"wordCount\":103,\"publisher\":{\"@id\":\"https:\/\/parkshop.cz\/ostrava\/#organization\"},\"image\":{\"@id\":\"https:\/\/parkshop.cz\/ostrava\/jaro-plne-trendy-barev\/#primaryimage\"},\"thumbnailUrl\":\"https:\/\/parkshop.cz\/ostrava\/wp-content\/uploads\/2023\/03\/inzerce-pro-OC_Maj-svIt-zastava-barevny_12_1200x1200.jpg\",\"inLanguage\":\"cs\"},{\"@type\":\"WebPage\",\"@id\":\"https:\/\/parkshop.cz\/ostrava\/jaro-plne-trendy-barev\/\",\"url\":\"https:\/\/parkshop.cz\/ostrava\/jaro-plne-trendy-barev\/\",\"name\":\"Jaro pln\u00e9 trendy barev - Park&amp;Shop Ostrava\",\"isPartOf\":{\"@id\":\"https:\/\/parkshop.cz\/ostrava\/#website\"},\"primaryImageOfPage\":{\"@id\":\"https:\/\/parkshop.cz\/ostrava\/jaro-plne-trendy-barev\/#primaryimage\"},\"image\":{\"@id\":\"https:\/\/parkshop.cz\/ostrava\/jaro-plne-trendy-barev\/#primaryimage\"},\"thumbnailUrl\":\"https:\/\/parkshop.cz\/ostrava\/wp-content\/uploads\/2023\/03\/inzerce-pro-OC_Maj-svIt-zastava-barevny_12_1200x1200.jpg\",\"datePublished\":\"2023-03-10T08:03:11+00:00\",\"breadcrumb\":{\"@id\":\"https:\/\/parkshop.cz\/ostrava\/jaro-plne-trendy-barev\/#breadcrumb\"},\"inLanguage\":\"cs\",\"potentialAction\":[{\"@type\":\"ReadAction\",\"target\":[\"https:\/\/parkshop.cz\/ostrava\/jaro-plne-trendy-barev\/\"]}]},{\"@type\":\"ImageObject\",\"inLanguage\":\"cs\",\"@id\":\"https:\/\/parkshop.cz\/ostrava\/jaro-plne-trendy-barev\/#primaryimage\",\"url\":\"https:\/\/parkshop.cz\/ostrava\/wp-content\/uploads\/2023\/03\/inzerce-pro-OC_Maj-svIt-zastava-barevny_12_1200x1200.jpg\",\"contentUrl\":\"https:\/\/parkshop.cz\/ostrava\/wp-content\/uploads\/2023\/03\/inzerce-pro-OC_Maj-svIt-zastava-barevny_12_1200x1200.jpg\",\"width\":1200,\"height\":1200},{\"@type\":\"BreadcrumbList\",\"@id\":\"https:\/\/parkshop.cz\/ostrava\/jaro-plne-trendy-barev\/#breadcrumb\",\"itemListElement\":[{\"@type\":\"ListItem\",\"position\":1,\"name\":\"Dom\u016f\",\"item\":\"https:\/\/parkshop.cz\/ostrava\/\"},{\"@type\":\"ListItem\",\"position\":2,\"name\":\"Jaro pln\u00e9 trendy barev\"}]},{\"@type\":\"WebSite\",\"@id\":\"https:\/\/parkshop.cz\/ostrava\/#website\",\"url\":\"https:\/\/parkshop.cz\/ostrava\/\",\"name\":\"Park&amp;Shop Ostrava\",\"description\":\"\",\"publisher\":{\"@id\":\"https:\/\/parkshop.cz\/ostrava\/#organization\"},\"potentialAction\":[{\"@type\":\"SearchAction\",\"target\":{\"@type\":\"EntryPoint\",\"urlTemplate\":\"https:\/\/parkshop.cz\/ostrava\/?s={search_term_string}\"},\"query-input\":{\"@type\":\"PropertyValueSpecification\",\"valueRequired\":true,\"valueName\":\"search_term_string\"}}],\"inLanguage\":\"cs\"},{\"@type\":\"Organization\",\"@id\":\"https:\/\/parkshop.cz\/ostrava\/#organization\",\"name\":\"Park&amp;Shop Ostrava\",\"url\":\"https:\/\/parkshop.cz\/ostrava\/\",\"logo\":{\"@type\":\"ImageObject\",\"inLanguage\":\"cs\",\"@id\":\"https:\/\/parkshop.cz\/ostrava\/#\/schema\/logo\/image\/\",\"url\":\"https:\/\/parkshop.cz\/ostrava\/wp-content\/uploads\/2022\/10\/park_shop_logo.svg\",\"contentUrl\":\"https:\/\/parkshop.cz\/ostrava\/wp-content\/uploads\/2022\/10\/park_shop_logo.svg\",\"caption\":\"Park&amp;Shop Ostrava\"},\"image\":{\"@id\":\"https:\/\/parkshop.cz\/ostrava\/#\/schema\/logo\/image\/\"}},{\"@type\":\"Person\",\"@id\":\"https:\/\/parkshop.cz\/ostrava\/#\/schema\/person\/ae3d8fcb3e2d2f59aaf7b32eb2080e03\",\"name\":\"parkshopofc\",\"url\":\"https:\/\/parkshop.cz\/ostrava\/author\/parkshop\/\"}]}<\/script>\n<!-- \/ Yoast SEO plugin. -->","yoast_head_json":{"title":"Jaro pln\u00e9 trendy barev - Park&amp;Shop Ostrava","robots":{"index":"index","follow":"follow","max-snippet":"max-snippet:-1","max-image-preview":"max-image-preview:large","max-video-preview":"max-video-preview:-1"},"canonical":"https:\/\/parkshop.cz\/ostrava\/jaro-plne-trendy-barev\/","og_locale":"cs_CZ","og_type":"article","og_title":"Jaro pln\u00e9 trendy barev - Park&amp;Shop Ostrava","og_description":"P\u0159ipravte se na jaro a objevte trendy barvy ze sv\u011bta kr\u00e1sy. P\u0159i zkr\u00e1\u0161lov\u00e1n\u00ed dejte pr\u016fchod sv\u00e9 fantazii a nebojte se [&hellip;]","og_url":"https:\/\/parkshop.cz\/ostrava\/jaro-plne-trendy-barev\/","og_site_name":"Park&amp;Shop Ostrava","article_published_time":"2023-03-10T08:03:11+00:00","og_image":[{"width":1200,"height":1200,"url":"https:\/\/parkshop.cz\/ostrava\/wp-content\/uploads\/2023\/03\/inzerce-pro-OC_Maj-svIt-zastava-barevny_12_1200x1200.jpg","type":"image\/jpeg"}],"author":"parkshopofc","twitter_card":"summary_large_image","twitter_misc":{"Napsal(a)":"parkshopofc","Odhadovan\u00e1 doba \u010dten\u00ed":"1 minuta"},"schema":{"@context":"https:\/\/schema.org","@graph":[{"@type":"Article","@id":"https:\/\/parkshop.cz\/ostrava\/jaro-plne-trendy-barev\/#article","isPartOf":{"@id":"https:\/\/parkshop.cz\/ostrava\/jaro-plne-trendy-barev\/"},"author":{"name":"parkshopofc","@id":"https:\/\/parkshop.cz\/ostrava\/#\/schema\/person\/ae3d8fcb3e2d2f59aaf7b32eb2080e03"},"headline":"Jaro pln\u00e9 trendy barev","datePublished":"2023-03-10T08:03:11+00:00","mainEntityOfPage":{"@id":"https:\/\/parkshop.cz\/ostrava\/jaro-plne-trendy-barev\/"},"wordCount":103,"publisher":{"@id":"https:\/\/parkshop.cz\/ostrava\/#organization"},"image":{"@id":"https:\/\/parkshop.cz\/ostrava\/jaro-plne-trendy-barev\/#primaryimage"},"thumbnailUrl":"https:\/\/parkshop.cz\/ostrava\/wp-content\/uploads\/2023\/03\/inzerce-pro-OC_Maj-svIt-zastava-barevny_12_1200x1200.jpg","inLanguage":"cs"},{"@type":"WebPage","@id":"https:\/\/parkshop.cz\/ostrava\/jaro-plne-trendy-barev\/","url":"https:\/\/parkshop.cz\/ostrava\/jaro-plne-trendy-barev\/","name":"Jaro pln\u00e9 trendy barev - Park&amp;Shop Ostrava","isPartOf":{"@id":"https:\/\/parkshop.cz\/ostrava\/#website"},"primaryImageOfPage":{"@id":"https:\/\/parkshop.cz\/ostrava\/jaro-plne-trendy-barev\/#primaryimage"},"image":{"@id":"https:\/\/parkshop.cz\/ostrava\/jaro-plne-trendy-barev\/#primaryimage"},"thumbnailUrl":"https:\/\/parkshop.cz\/ostrava\/wp-content\/uploads\/2023\/03\/inzerce-pro-OC_Maj-svIt-zastava-barevny_12_1200x1200.jpg","datePublished":"2023-03-10T08:03:11+00:00","breadcrumb":{"@id":"https:\/\/parkshop.cz\/ostrava\/jaro-plne-trendy-barev\/#breadcrumb"},"inLanguage":"cs","potentialAction":[{"@type":"ReadAction","target":["https:\/\/parkshop.cz\/ostrava\/jaro-plne-trendy-barev\/"]}]},{"@type":"ImageObject","inLanguage":"cs","@id":"https:\/\/parkshop.cz\/ostrava\/jaro-plne-trendy-barev\/#primaryimage","url":"https:\/\/parkshop.cz\/ostrava\/wp-content\/uploads\/2023\/03\/inzerce-pro-OC_Maj-svIt-zastava-barevny_12_1200x1200.jpg","contentUrl":"https:\/\/parkshop.cz\/ostrava\/wp-content\/uploads\/2023\/03\/inzerce-pro-OC_Maj-svIt-zastava-barevny_12_1200x1200.jpg","width":1200,"height":1200},{"@type":"BreadcrumbList","@id":"https:\/\/parkshop.cz\/ostrava\/jaro-plne-trendy-barev\/#breadcrumb","itemListElement":[{"@type":"ListItem","position":1,"name":"Dom\u016f","item":"https:\/\/parkshop.cz\/ostrava\/"},{"@type":"ListItem","position":2,"name":"Jaro pln\u00e9 trendy barev"}]},{"@type":"WebSite","@id":"https:\/\/parkshop.cz\/ostrava\/#website","url":"https:\/\/parkshop.cz\/ostrava\/","name":"Park&amp;Shop Ostrava","description":"","publisher":{"@id":"https:\/\/parkshop.cz\/ostrava\/#organization"},"potentialAction":[{"@type":"SearchAction","target":{"@type":"EntryPoint","urlTemplate":"https:\/\/parkshop.cz\/ostrava\/?s={search_term_string}"},"query-input":{"@type":"PropertyValueSpecification","valueRequired":true,"valueName":"search_term_string"}}],"inLanguage":"cs"},{"@type":"Organization","@id":"https:\/\/parkshop.cz\/ostrava\/#organization","name":"Park&amp;Shop Ostrava","url":"https:\/\/parkshop.cz\/ostrava\/","logo":{"@type":"ImageObject","inLanguage":"cs","@id":"https:\/\/parkshop.cz\/ostrava\/#\/schema\/logo\/image\/","url":"https:\/\/parkshop.cz\/ostrava\/wp-content\/uploads\/2022\/10\/park_shop_logo.svg","contentUrl":"https:\/\/parkshop.cz\/ostrava\/wp-content\/uploads\/2022\/10\/park_shop_logo.svg","caption":"Park&amp;Shop Ostrava"},"image":{"@id":"https:\/\/parkshop.cz\/ostrava\/#\/schema\/logo\/image\/"}},{"@type":"Person","@id":"https:\/\/parkshop.cz\/ostrava\/#\/schema\/person\/ae3d8fcb3e2d2f59aaf7b32eb2080e03","name":"parkshopofc","url":"https:\/\/parkshop.cz\/ostrava\/author\/parkshop\/"}]}},"publishpress_future_action":{"enabled":false,"date":"2026-05-05 21:32:46","action":"change-status","newStatus":"draft","terms":[],"taxonomy":"category","extraData":[]},"publishpress_future_workflow_manual_trigger":{"enabledWorkflows":[]},"_links":{"self":[{"href":"https:\/\/parkshop.cz\/ostrava\/wp-json\/wp\/v2\/posts\/499","targetHints":{"allow":["GET"]}}],"collection":[{"href":"https:\/\/parkshop.cz\/ostrava\/wp-json\/wp\/v2\/posts"}],"about":[{"href":"https:\/\/parkshop.cz\/ostrava\/wp-json\/wp\/v2\/types\/post"}],"author":[{"embeddable":true,"href":"https:\/\/parkshop.cz\/ostrava\/wp-json\/wp\/v2\/users\/2"}],"replies":[{"embeddable":true,"href":"https:\/\/parkshop.cz\/ostrava\/wp-json\/wp\/v2\/comments?post=499"}],"version-history":[{"count":1,"href":"https:\/\/parkshop.cz\/ostrava\/wp-json\/wp\/v2\/posts\/499\/revisions"}],"predecessor-version":[{"id":501,"href":"https:\/\/parkshop.cz\/ostrava\/wp-json\/wp\/v2\/posts\/499\/revisions\/501"}],"wp:featuredmedia":[{"embeddable":true,"href":"https:\/\/parkshop.cz\/ostrava\/wp-json\/wp\/v2\/media\/500"}],"wp:attachment":[{"href":"https:\/\/parkshop.cz\/ostrava\/wp-json\/wp\/v2\/media?parent=499"}],"wp:term":[{"taxonomy":"category","embeddable":true,"href":"https:\/\/parkshop.cz\/ostrava\/wp-json\/wp\/v2\/categories?post=499"},{"taxonomy":"post_tag","embeddable":true,"href":"https:\/\/parkshop.cz\/ostrava\/wp-json\/wp\/v2\/tags?post=499"}],"curies":[{"name":"wp","href":"https:\/\/api.w.org\/{rel}","templated":true}]}}