{"id":1009,"date":"2025-06-13T10:48:07","date_gmt":"2025-06-13T08:48:07","guid":{"rendered":"https:\/\/parkshop.cz\/ostrava\/?p=1009"},"modified":"2025-06-13T10:48:07","modified_gmt":"2025-06-13T08:48:07","slug":"darek-pro-tatu-ke-dni-otcu","status":"publish","type":"post","link":"https:\/\/parkshop.cz\/ostrava\/darek-pro-tatu-ke-dni-otcu\/","title":{"rendered":"\u00a0D\u00e1rek pro t\u00e1tu ke Dni otc\u016f?"},"content":{"rendered":"<p><img decoding=\"async\" class=\"an1\" src=\"https:\/\/fonts.gstatic.com\/s\/e\/notoemoji\/16.0\/1f381\/32.png\" alt=\"\ud83c\udf81\" data-emoji=\"\ud83c\udf81\" aria-label=\"\ud83c\udf81\" \/>\u00a0<strong>D\u00e1rek pro t\u00e1tu ke Dni otc\u016f? A\u0165 se s t\u00edm netah\u00e1!<\/strong>\u00a0<img decoding=\"async\" class=\"an1\" src=\"https:\/\/fonts.gstatic.com\/s\/e\/notoemoji\/16.0\/1f4aa\/32.png\" alt=\"\ud83d\udcaa\" data-emoji=\"\ud83d\udcaa\" aria-label=\"\ud83d\udcaa\" \/><\/p>\n<p>Od 15. do 23. \u010dervna nad\u011blujeme n\u011bco, co pot\u011b\u0161\u00ed ka\u017ed\u00e9ho t\u00e1tu \u2013\u00a0<strong>dopravu, v\u00fdnos a mont\u00e1\u017e ZDARMA<\/strong>\u00a0na cel\u00fd sortiment!<\/p>\n<p><img decoding=\"async\" class=\"an1\" src=\"https:\/\/fonts.gstatic.com\/s\/e\/notoemoji\/16.0\/1f4b8\/32.png\" alt=\"\ud83d\udcb8\" data-emoji=\"\ud83d\udcb8\" aria-label=\"\ud83d\udcb8\" \/>\u00a0U\u0161et\u0159it tak m\u016f\u017eete a\u017e\u00a0<strong>3 550 K\u010d<\/strong>, ale hlavn\u011b \u2013 t\u00e1ta nebude muset nic nosit, \u0161roubovat ani p\u0159em\u00fd\u0161let, co kam pasuje. V\u0161echno za\u0159\u00edd\u00edme za n\u011bj.<\/p>\n<p><img decoding=\"async\" class=\"an1\" src=\"https:\/\/fonts.gstatic.com\/s\/e\/notoemoji\/16.0\/1f6d2\/32.png\" alt=\"\ud83d\uded2\" data-emoji=\"\ud83d\uded2\" aria-label=\"\ud83d\uded2\" \/>\u00a0Akce plat\u00ed\u00a0<strong>na v\u0161ech kamenn\u00fdch prodejn\u00e1ch<\/strong>\u00a0i\u00a0<strong>na e-shopu<\/strong>\u00a0\u2013 tam sta\u010d\u00ed p\u0159i objedn\u00e1vce zadat v ko\u0161\u00edku k\u00f3d:\u00a0<strong>TATA<\/strong><\/p>\n<p>Tak\u017ee pokud chcete t\u00e1tovi opravdu uleh\u010dit \u017eivot, po\u0159i\u010fte mu nov\u00fd kousek dom\u016f \u2013<br \/>\n<strong>objedn\u00e1te, my v\u0161echno za\u0159\u00edd\u00edme a t\u00e1ta si d\u00e1 nohy nahoru.<\/strong>\u00a0<img decoding=\"async\" class=\"an1\" src=\"https:\/\/fonts.gstatic.com\/s\/e\/notoemoji\/16.0\/1f609\/32.png\" alt=\"\ud83d\ude09\" data-emoji=\"\ud83d\ude09\" aria-label=\"\ud83d\ude09\" \/><\/p>\n","protected":false},"excerpt":{"rendered":"<p>\u00a0D\u00e1rek pro t\u00e1tu ke Dni otc\u016f? A\u0165 se s t\u00edm netah\u00e1!\u00a0 Od 15. do 23. \u010dervna nad\u011blujeme n\u011bco, co pot\u011b\u0161\u00ed [&hellip;]<\/p>\n","protected":false},"author":3,"featured_media":1010,"comment_status":"closed","ping_status":"open","sticky":false,"template":"","format":"standard","meta":{"_acf_changed":false,"footnotes":""},"categories":[1],"tags":[],"class_list":["post-1009","post","type-post","status-publish","format-standard","has-post-thumbnail","hentry","category-nezarazene"],"acf":{"na_zacatek_akce":"15.06.2025","na_doba_trvani_akce_oddo":"15.06.2025 - 23.06.2025","na_obchod":{"ID":324,"post_author":"1","post_date":"2022-10-03 10:52:55","post_date_gmt":"2022-10-03 08:52:55","post_content":"Postele, matrace, p\u0159ikr\u00fdvky, pol\u0161t\u00e1\u0159e, \u00falo\u017en\u00e9 prostory, ro\u0161ty, to v\u0161e u n\u00e1s najdete. Vyr\u00e1b\u00edme vlastn\u00ed postele, matrace i komplety. Nakupovat od v\u00fdrobce se rozhodn\u011b vyplat\u00ed. 15 let specializace. Odborn\u00e9 poradenstv\u00ed. P\u0159izp\u016fsoben\u00ed na m\u00edru.\r\n\r\nOd roku 2002 se zab\u00fdv\u00e1me sortimentem pro zdrav\u00fd a kvalitn\u00ed sp\u00e1nek.","post_title":"Sv\u011bt sp\u00e1nku","post_excerpt":"","post_status":"publish","comment_status":"closed","ping_status":"closed","post_password":"","post_name":"svet-spanku","to_ping":"","pinged":"","post_modified":"2023-08-17 16:15:49","post_modified_gmt":"2023-08-17 14:15:49","post_content_filtered":"","post_parent":0,"guid":"https:\/\/parkshop.cz\/ostrava\/?post_type=obchody&#038;p=324","menu_order":0,"post_type":"obchody","post_mime_type":"","comment_count":"0","filter":"raw"}},"yoast_head":"<!-- This site is optimized with the Yoast SEO plugin v26.5 - https:\/\/yoast.com\/wordpress\/plugins\/seo\/ -->\n<title>\u00a0D\u00e1rek pro t\u00e1tu ke Dni otc\u016f? - Park&amp;Shop Ostrava<\/title>\n<meta name=\"robots\" content=\"index, follow, max-snippet:-1, max-image-preview:large, max-video-preview:-1\" \/>\n<link rel=\"canonical\" href=\"https:\/\/parkshop.cz\/ostrava\/darek-pro-tatu-ke-dni-otcu\/\" \/>\n<meta property=\"og:locale\" content=\"cs_CZ\" \/>\n<meta property=\"og:type\" content=\"article\" \/>\n<meta property=\"og:title\" content=\"\u00a0D\u00e1rek pro t\u00e1tu ke Dni otc\u016f? - Park&amp;Shop Ostrava\" \/>\n<meta property=\"og:description\" content=\"\u00a0D\u00e1rek pro t\u00e1tu ke Dni otc\u016f? A\u0165 se s t\u00edm netah\u00e1!\u00a0 Od 15. do 23. \u010dervna nad\u011blujeme n\u011bco, co pot\u011b\u0161\u00ed [&hellip;]\" \/>\n<meta property=\"og:url\" content=\"https:\/\/parkshop.cz\/ostrava\/darek-pro-tatu-ke-dni-otcu\/\" \/>\n<meta property=\"og:site_name\" content=\"Park&amp;Shop Ostrava\" \/>\n<meta property=\"article:published_time\" content=\"2025-06-13T08:48:07+00:00\" \/>\n<meta property=\"og:image\" content=\"https:\/\/parkshop.cz\/ostrava\/wp-content\/uploads\/2025\/06\/SvetSpanku_DenOtcu_900x900-\u2013-1.png\" \/>\n\t<meta property=\"og:image:width\" content=\"900\" \/>\n\t<meta property=\"og:image:height\" content=\"900\" \/>\n\t<meta property=\"og:image:type\" content=\"image\/png\" \/>\n<meta name=\"author\" content=\"kolarikvindetect\" \/>\n<meta name=\"twitter:card\" content=\"summary_large_image\" \/>\n<meta name=\"twitter:label1\" content=\"Napsal(a)\" \/>\n\t<meta name=\"twitter:data1\" content=\"kolarikvindetect\" \/>\n\t<meta name=\"twitter:label2\" content=\"Odhadovan\u00e1 doba \u010dten\u00ed\" \/>\n\t<meta name=\"twitter:data2\" content=\"2 minuty\" \/>\n<script type=\"application\/ld+json\" class=\"yoast-schema-graph\">{\"@context\":\"https:\/\/schema.org\",\"@graph\":[{\"@type\":\"Article\",\"@id\":\"https:\/\/parkshop.cz\/ostrava\/darek-pro-tatu-ke-dni-otcu\/#article\",\"isPartOf\":{\"@id\":\"https:\/\/parkshop.cz\/ostrava\/darek-pro-tatu-ke-dni-otcu\/\"},\"author\":{\"name\":\"kolarikvindetect\",\"@id\":\"https:\/\/parkshop.cz\/ostrava\/#\/schema\/person\/148eafd0e533b6a741db38ade995d59c\"},\"headline\":\"\u00a0D\u00e1rek pro t\u00e1tu ke Dni otc\u016f?\",\"datePublished\":\"2025-06-13T08:48:07+00:00\",\"mainEntityOfPage\":{\"@id\":\"https:\/\/parkshop.cz\/ostrava\/darek-pro-tatu-ke-dni-otcu\/\"},\"wordCount\":134,\"publisher\":{\"@id\":\"https:\/\/parkshop.cz\/ostrava\/#organization\"},\"image\":{\"@id\":\"https:\/\/parkshop.cz\/ostrava\/darek-pro-tatu-ke-dni-otcu\/#primaryimage\"},\"thumbnailUrl\":\"https:\/\/parkshop.cz\/ostrava\/wp-content\/uploads\/2025\/06\/SvetSpanku_DenOtcu_900x900-\u2013-1.png\",\"inLanguage\":\"cs\"},{\"@type\":\"WebPage\",\"@id\":\"https:\/\/parkshop.cz\/ostrava\/darek-pro-tatu-ke-dni-otcu\/\",\"url\":\"https:\/\/parkshop.cz\/ostrava\/darek-pro-tatu-ke-dni-otcu\/\",\"name\":\"\u00a0D\u00e1rek pro t\u00e1tu ke Dni otc\u016f? - Park&amp;Shop Ostrava\",\"isPartOf\":{\"@id\":\"https:\/\/parkshop.cz\/ostrava\/#website\"},\"primaryImageOfPage\":{\"@id\":\"https:\/\/parkshop.cz\/ostrava\/darek-pro-tatu-ke-dni-otcu\/#primaryimage\"},\"image\":{\"@id\":\"https:\/\/parkshop.cz\/ostrava\/darek-pro-tatu-ke-dni-otcu\/#primaryimage\"},\"thumbnailUrl\":\"https:\/\/parkshop.cz\/ostrava\/wp-content\/uploads\/2025\/06\/SvetSpanku_DenOtcu_900x900-\u2013-1.png\",\"datePublished\":\"2025-06-13T08:48:07+00:00\",\"breadcrumb\":{\"@id\":\"https:\/\/parkshop.cz\/ostrava\/darek-pro-tatu-ke-dni-otcu\/#breadcrumb\"},\"inLanguage\":\"cs\",\"potentialAction\":[{\"@type\":\"ReadAction\",\"target\":[\"https:\/\/parkshop.cz\/ostrava\/darek-pro-tatu-ke-dni-otcu\/\"]}]},{\"@type\":\"ImageObject\",\"inLanguage\":\"cs\",\"@id\":\"https:\/\/parkshop.cz\/ostrava\/darek-pro-tatu-ke-dni-otcu\/#primaryimage\",\"url\":\"https:\/\/parkshop.cz\/ostrava\/wp-content\/uploads\/2025\/06\/SvetSpanku_DenOtcu_900x900-\u2013-1.png\",\"contentUrl\":\"https:\/\/parkshop.cz\/ostrava\/wp-content\/uploads\/2025\/06\/SvetSpanku_DenOtcu_900x900-\u2013-1.png\",\"width\":900,\"height\":900},{\"@type\":\"BreadcrumbList\",\"@id\":\"https:\/\/parkshop.cz\/ostrava\/darek-pro-tatu-ke-dni-otcu\/#breadcrumb\",\"itemListElement\":[{\"@type\":\"ListItem\",\"position\":1,\"name\":\"Dom\u016f\",\"item\":\"https:\/\/parkshop.cz\/ostrava\/\"},{\"@type\":\"ListItem\",\"position\":2,\"name\":\"\u00a0D\u00e1rek pro t\u00e1tu ke Dni otc\u016f?\"}]},{\"@type\":\"WebSite\",\"@id\":\"https:\/\/parkshop.cz\/ostrava\/#website\",\"url\":\"https:\/\/parkshop.cz\/ostrava\/\",\"name\":\"Park&amp;Shop Ostrava\",\"description\":\"\",\"publisher\":{\"@id\":\"https:\/\/parkshop.cz\/ostrava\/#organization\"},\"potentialAction\":[{\"@type\":\"SearchAction\",\"target\":{\"@type\":\"EntryPoint\",\"urlTemplate\":\"https:\/\/parkshop.cz\/ostrava\/?s={search_term_string}\"},\"query-input\":{\"@type\":\"PropertyValueSpecification\",\"valueRequired\":true,\"valueName\":\"search_term_string\"}}],\"inLanguage\":\"cs\"},{\"@type\":\"Organization\",\"@id\":\"https:\/\/parkshop.cz\/ostrava\/#organization\",\"name\":\"Park&amp;Shop Ostrava\",\"url\":\"https:\/\/parkshop.cz\/ostrava\/\",\"logo\":{\"@type\":\"ImageObject\",\"inLanguage\":\"cs\",\"@id\":\"https:\/\/parkshop.cz\/ostrava\/#\/schema\/logo\/image\/\",\"url\":\"https:\/\/parkshop.cz\/ostrava\/wp-content\/uploads\/2022\/10\/park_shop_logo.svg\",\"contentUrl\":\"https:\/\/parkshop.cz\/ostrava\/wp-content\/uploads\/2022\/10\/park_shop_logo.svg\",\"caption\":\"Park&amp;Shop Ostrava\"},\"image\":{\"@id\":\"https:\/\/parkshop.cz\/ostrava\/#\/schema\/logo\/image\/\"}},{\"@type\":\"Person\",\"@id\":\"https:\/\/parkshop.cz\/ostrava\/#\/schema\/person\/148eafd0e533b6a741db38ade995d59c\",\"name\":\"kolarikvindetect\",\"url\":\"https:\/\/parkshop.cz\/ostrava\/author\/kolarik\/\"}]}<\/script>\n<!-- \/ Yoast SEO plugin. -->","yoast_head_json":{"title":"\u00a0D\u00e1rek pro t\u00e1tu ke Dni otc\u016f? - Park&amp;Shop Ostrava","robots":{"index":"index","follow":"follow","max-snippet":"max-snippet:-1","max-image-preview":"max-image-preview:large","max-video-preview":"max-video-preview:-1"},"canonical":"https:\/\/parkshop.cz\/ostrava\/darek-pro-tatu-ke-dni-otcu\/","og_locale":"cs_CZ","og_type":"article","og_title":"\u00a0D\u00e1rek pro t\u00e1tu ke Dni otc\u016f? - Park&amp;Shop Ostrava","og_description":"\u00a0D\u00e1rek pro t\u00e1tu ke Dni otc\u016f? A\u0165 se s t\u00edm netah\u00e1!\u00a0 Od 15. do 23. \u010dervna nad\u011blujeme n\u011bco, co pot\u011b\u0161\u00ed [&hellip;]","og_url":"https:\/\/parkshop.cz\/ostrava\/darek-pro-tatu-ke-dni-otcu\/","og_site_name":"Park&amp;Shop Ostrava","article_published_time":"2025-06-13T08:48:07+00:00","og_image":[{"width":900,"height":900,"url":"https:\/\/parkshop.cz\/ostrava\/wp-content\/uploads\/2025\/06\/SvetSpanku_DenOtcu_900x900-\u2013-1.png","type":"image\/png"}],"author":"kolarikvindetect","twitter_card":"summary_large_image","twitter_misc":{"Napsal(a)":"kolarikvindetect","Odhadovan\u00e1 doba \u010dten\u00ed":"2 minuty"},"schema":{"@context":"https:\/\/schema.org","@graph":[{"@type":"Article","@id":"https:\/\/parkshop.cz\/ostrava\/darek-pro-tatu-ke-dni-otcu\/#article","isPartOf":{"@id":"https:\/\/parkshop.cz\/ostrava\/darek-pro-tatu-ke-dni-otcu\/"},"author":{"name":"kolarikvindetect","@id":"https:\/\/parkshop.cz\/ostrava\/#\/schema\/person\/148eafd0e533b6a741db38ade995d59c"},"headline":"\u00a0D\u00e1rek pro t\u00e1tu ke Dni otc\u016f?","datePublished":"2025-06-13T08:48:07+00:00","mainEntityOfPage":{"@id":"https:\/\/parkshop.cz\/ostrava\/darek-pro-tatu-ke-dni-otcu\/"},"wordCount":134,"publisher":{"@id":"https:\/\/parkshop.cz\/ostrava\/#organization"},"image":{"@id":"https:\/\/parkshop.cz\/ostrava\/darek-pro-tatu-ke-dni-otcu\/#primaryimage"},"thumbnailUrl":"https:\/\/parkshop.cz\/ostrava\/wp-content\/uploads\/2025\/06\/SvetSpanku_DenOtcu_900x900-\u2013-1.png","inLanguage":"cs"},{"@type":"WebPage","@id":"https:\/\/parkshop.cz\/ostrava\/darek-pro-tatu-ke-dni-otcu\/","url":"https:\/\/parkshop.cz\/ostrava\/darek-pro-tatu-ke-dni-otcu\/","name":"\u00a0D\u00e1rek pro t\u00e1tu ke Dni otc\u016f? - Park&amp;Shop Ostrava","isPartOf":{"@id":"https:\/\/parkshop.cz\/ostrava\/#website"},"primaryImageOfPage":{"@id":"https:\/\/parkshop.cz\/ostrava\/darek-pro-tatu-ke-dni-otcu\/#primaryimage"},"image":{"@id":"https:\/\/parkshop.cz\/ostrava\/darek-pro-tatu-ke-dni-otcu\/#primaryimage"},"thumbnailUrl":"https:\/\/parkshop.cz\/ostrava\/wp-content\/uploads\/2025\/06\/SvetSpanku_DenOtcu_900x900-\u2013-1.png","datePublished":"2025-06-13T08:48:07+00:00","breadcrumb":{"@id":"https:\/\/parkshop.cz\/ostrava\/darek-pro-tatu-ke-dni-otcu\/#breadcrumb"},"inLanguage":"cs","potentialAction":[{"@type":"ReadAction","target":["https:\/\/parkshop.cz\/ostrava\/darek-pro-tatu-ke-dni-otcu\/"]}]},{"@type":"ImageObject","inLanguage":"cs","@id":"https:\/\/parkshop.cz\/ostrava\/darek-pro-tatu-ke-dni-otcu\/#primaryimage","url":"https:\/\/parkshop.cz\/ostrava\/wp-content\/uploads\/2025\/06\/SvetSpanku_DenOtcu_900x900-\u2013-1.png","contentUrl":"https:\/\/parkshop.cz\/ostrava\/wp-content\/uploads\/2025\/06\/SvetSpanku_DenOtcu_900x900-\u2013-1.png","width":900,"height":900},{"@type":"BreadcrumbList","@id":"https:\/\/parkshop.cz\/ostrava\/darek-pro-tatu-ke-dni-otcu\/#breadcrumb","itemListElement":[{"@type":"ListItem","position":1,"name":"Dom\u016f","item":"https:\/\/parkshop.cz\/ostrava\/"},{"@type":"ListItem","position":2,"name":"\u00a0D\u00e1rek pro t\u00e1tu ke Dni otc\u016f?"}]},{"@type":"WebSite","@id":"https:\/\/parkshop.cz\/ostrava\/#website","url":"https:\/\/parkshop.cz\/ostrava\/","name":"Park&amp;Shop Ostrava","description":"","publisher":{"@id":"https:\/\/parkshop.cz\/ostrava\/#organization"},"potentialAction":[{"@type":"SearchAction","target":{"@type":"EntryPoint","urlTemplate":"https:\/\/parkshop.cz\/ostrava\/?s={search_term_string}"},"query-input":{"@type":"PropertyValueSpecification","valueRequired":true,"valueName":"search_term_string"}}],"inLanguage":"cs"},{"@type":"Organization","@id":"https:\/\/parkshop.cz\/ostrava\/#organization","name":"Park&amp;Shop Ostrava","url":"https:\/\/parkshop.cz\/ostrava\/","logo":{"@type":"ImageObject","inLanguage":"cs","@id":"https:\/\/parkshop.cz\/ostrava\/#\/schema\/logo\/image\/","url":"https:\/\/parkshop.cz\/ostrava\/wp-content\/uploads\/2022\/10\/park_shop_logo.svg","contentUrl":"https:\/\/parkshop.cz\/ostrava\/wp-content\/uploads\/2022\/10\/park_shop_logo.svg","caption":"Park&amp;Shop Ostrava"},"image":{"@id":"https:\/\/parkshop.cz\/ostrava\/#\/schema\/logo\/image\/"}},{"@type":"Person","@id":"https:\/\/parkshop.cz\/ostrava\/#\/schema\/person\/148eafd0e533b6a741db38ade995d59c","name":"kolarikvindetect","url":"https:\/\/parkshop.cz\/ostrava\/author\/kolarik\/"}]}},"publishpress_future_action":{"enabled":false,"date":"2026-05-03 13:49:26","action":"change-status","newStatus":"draft","terms":[],"taxonomy":"category","extraData":[]},"publishpress_future_workflow_manual_trigger":{"enabledWorkflows":[]},"_links":{"self":[{"href":"https:\/\/parkshop.cz\/ostrava\/wp-json\/wp\/v2\/posts\/1009","targetHints":{"allow":["GET"]}}],"collection":[{"href":"https:\/\/parkshop.cz\/ostrava\/wp-json\/wp\/v2\/posts"}],"about":[{"href":"https:\/\/parkshop.cz\/ostrava\/wp-json\/wp\/v2\/types\/post"}],"author":[{"embeddable":true,"href":"https:\/\/parkshop.cz\/ostrava\/wp-json\/wp\/v2\/users\/3"}],"replies":[{"embeddable":true,"href":"https:\/\/parkshop.cz\/ostrava\/wp-json\/wp\/v2\/comments?post=1009"}],"version-history":[{"count":1,"href":"https:\/\/parkshop.cz\/ostrava\/wp-json\/wp\/v2\/posts\/1009\/revisions"}],"predecessor-version":[{"id":1011,"href":"https:\/\/parkshop.cz\/ostrava\/wp-json\/wp\/v2\/posts\/1009\/revisions\/1011"}],"wp:featuredmedia":[{"embeddable":true,"href":"https:\/\/parkshop.cz\/ostrava\/wp-json\/wp\/v2\/media\/1010"}],"wp:attachment":[{"href":"https:\/\/parkshop.cz\/ostrava\/wp-json\/wp\/v2\/media?parent=1009"}],"wp:term":[{"taxonomy":"category","embeddable":true,"href":"https:\/\/parkshop.cz\/ostrava\/wp-json\/wp\/v2\/categories?post=1009"},{"taxonomy":"post_tag","embeddable":true,"href":"https:\/\/parkshop.cz\/ostrava\/wp-json\/wp\/v2\/tags?post=1009"}],"curies":[{"name":"wp","href":"https:\/\/api.w.org\/{rel}","templated":true}]}}