{"id":921,"date":"2026-03-05T09:22:05","date_gmt":"2026-03-05T08:22:05","guid":{"rendered":"https:\/\/parkshop.cz\/olomouc\/?p=921"},"modified":"2026-03-05T09:23:45","modified_gmt":"2026-03-05T08:23:45","slug":"svobodna-statecna-smyslna","status":"publish","type":"post","link":"https:\/\/parkshop.cz\/olomouc\/svobodna-statecna-smyslna\/","title":{"rendered":"Svobodn\u00e1, state\u010dn\u00e1, smysln\u00e1"},"content":{"rendered":"<p style=\"font-weight: 400\"><em>B\u0159ezen pat\u0159\u00ed \u017een\u00e1m (mu\u017ei nech\u0165 prominou). Je oslavou kr\u00e1sy v cel\u00e9 jej\u00ed rozmanitosti \u2013 smysln\u00e9,<\/em><\/p>\n<p style=\"font-weight: 400\"><em>p\u0159irozen\u00e9, jemn\u00e9 i odv\u00e1\u017en\u00e9. Oslavou vnit\u0159n\u00ed s\u00edly, state\u010dnosti a svobody b\u00fdt sama sebou. Mezin\u00e1rodn\u00ed<\/em><\/p>\n<p style=\"font-weight: 400\"><em>den \u017een n\u00e1m p\u0159ipom\u00edn\u00e1, \u017ee ka\u017ed\u00e1 \u017eena m\u00e1 sv\u016fj vlastn\u00ed p\u0159\u00edb\u011bh i tempo. Dop\u0159ejte si chv\u00edli jen<\/em><\/p>\n<p style=\"font-weight: 400\"><em>pro sebe a nechte se h\u00fd\u010dkat v\u016fn\u011bmi, kter\u00e9 podtrhnou va\u0161i osobnost, \u010di dekorativn\u00ed kosmetikou,<\/em><\/p>\n<p style=\"font-weight: 400\"><em>se kterou m\u016f\u017eete vyj\u00e1d\u0159it svou n\u00e1ladu, ale i experimentovat. Nov\u011b u n\u00e1s nav\u00edc najdete tak\u00e9 zna\u010dku<\/em><\/p>\n<p style=\"font-weight: 400\"><em>NYX Professional Makeup, kter\u00e1 je pln\u00e1 barev, odvahy a kreativity. Proto\u017ee kr\u00e1sa nem\u00e1 pravidla.<\/em><\/p>\n<p style=\"font-weight: 400\"><em>Vy je tvo\u0159\u00edte sama.<\/em><\/p>\n<p><b><a href=\"https:\/\/www.dm.cz\/inspirace-a-poradenstvi\/tipy-a-trendy\/beauty\" target=\"_blank\" rel=\"noopener\" data-saferedirecturl=\"https:\/\/www.google.com\/url?q=https:\/\/www.dm.cz\/inspirace-a-poradenstvi\/tipy-a-trendy\/beauty&amp;source=gmail&amp;ust=1772706921920000&amp;usg=AOvVaw355L3_6RxBL7fPJ77tBPaB\">Beauty | dm.cz<\/a><\/b><\/p>\n<p>&nbsp;<\/p>\n","protected":false},"excerpt":{"rendered":"<p>B\u0159ezen pat\u0159\u00ed \u017een\u00e1m (mu\u017ei nech\u0165 prominou). Je oslavou kr\u00e1sy v cel\u00e9 jej\u00ed rozmanitosti \u2013 smysln\u00e9, p\u0159irozen\u00e9, jemn\u00e9 i odv\u00e1\u017en\u00e9. Oslavou [&hellip;]<\/p>\n","protected":false},"author":3,"featured_media":922,"comment_status":"closed","ping_status":"open","sticky":false,"template":"","format":"standard","meta":{"_acf_changed":false,"footnotes":""},"categories":[1],"tags":[],"class_list":["post-921","post","type-post","status-publish","format-standard","has-post-thumbnail","hentry","category-nezarazene"],"acf":{"na_zacatek_akce":"05.03.2026","na_doba_trvani_akce_oddo":"05.03.2026 - 6.4.2026","na_obchod":{"ID":587,"post_author":"3","post_date":"2024-09-04 08:13:29","post_date_gmt":"2024-09-04 06:13:29","post_content":"<p class=\"ab hk hl hm hn ho\">Otev\u00edr\u00e1me novou prodejnu dm v RP Han\u00e1 Olomouc, kter\u00e1 se nach\u00e1z\u00ed jen p\u00e1r krok\u016f od t\u00e9 p\u016fvodn\u00ed. <strong>P\u0159i t\u00e9to p\u0159\u00edle\u017eitosti jsme si pro v\u00e1s od 12.09. do 15.09.2024 p\u0159ipravili slevu 20 %* na cel\u00fd v\u00e1\u0161 n\u00e1kup.<\/strong> Pro pohodln\u011bj\u0161\u00ed nakupov\u00e1n\u00ed od n\u00e1s obdr\u017e\u00edte ta\u0161ku k n\u00e1kupu\u00a0zdarma.**<\/p>\r\n<p class=\"ab hk hl hm hn ho\">P\u0159ij\u010fte nav\u0161t\u00edvit na\u0161i nov\u011b otev\u0159enou prodejnu, kde na v\u00e1s \u010dek\u00e1 modern\u00ed uspo\u0159\u00e1d\u00e1n\u00ed prodejny v\u010detn\u011b beauty \u010dtvrti, kter\u00e1 nab\u00edz\u00ed \u0161irok\u00fd v\u00fdb\u011br kosmetick\u00fdch produkt\u016f. Ka\u017ed\u00fd n\u00e1kupn\u00ed voz\u00edk je vybaven unik\u00e1tn\u00ed \u010dtec\u00ed lupou, kter\u00e1 v\u00e1m usnadn\u00ed \u010dten\u00ed etiket.\u00a0<strong class=\"t hp\">Bezplatn\u00e9 wi-fi p\u0159ipojen\u00ed<\/strong>\u00a0v\u00e1m umo\u017en\u00ed p\u0159ipojen\u00ed online a\u017e dv\u011b hodiny denn\u011b zdarma, tak\u017ee m\u016f\u017eete vy\u0159izovat e-maily nebo sd\u00edlet sv\u00e9 n\u00e1kupn\u00ed z\u00e1\u017eitky i b\u011bhem nakupov\u00e1n\u00ed v dm. Rodi\u010de s mal\u00fdmi d\u011btmi zde najdou\u00a0<strong class=\"t hp\">z\u00e1kaznick\u00e9 WC s p\u0159ebalovac\u00edm pultem<\/strong>\u00a0a\u00a0<strong class=\"t hp\">d\u011btsk\u00fd koutek<\/strong>\u00a0s hrac\u00edmi elementy, kter\u00fd zabav\u00ed mal\u00e9 n\u00e1v\u0161t\u011bvn\u00edky, zat\u00edmco vy se budete moci v\u011bnovat objevov\u00e1n\u00ed sortimentu. B\u011bhem sv\u00e9 n\u00e1v\u0161t\u011bvy nezapome\u0148te tak\u00e9 vyu\u017e\u00edt\u00a0<strong class=\"t hp\">CEWE fotostanici<\/strong>\u00a0pro okam\u017eit\u00fd tisk fotografi\u00ed a mo\u017enost vytisknout si personalizovanou etiketu ze sv\u00fdch vlastn\u00edch sn\u00edmk\u016f.\u00a0P\u0159ij\u010fte a p\u0159esv\u011bd\u010dte se, jak p\u0159\u00edjemn\u00e9 a pohodln\u00e9 m\u016f\u017ee b\u00fdt nakupov\u00e1n\u00ed v dm.<\/p>\r\n<p class=\"ab hk hl hm hn ho\"><\/p>","post_title":"DM","post_excerpt":"","post_status":"publish","comment_status":"closed","ping_status":"closed","post_password":"","post_name":"dm","to_ping":"","pinged":"","post_modified":"2024-09-05 08:52:56","post_modified_gmt":"2024-09-05 06:52:56","post_content_filtered":"","post_parent":0,"guid":"https:\/\/parkshop.cz\/olomouc\/?post_type=obchody&#038;p=587","menu_order":0,"post_type":"obchody","post_mime_type":"","comment_count":"0","filter":"raw"}},"yoast_head":"<!-- This site is optimized with the Yoast SEO plugin v26.5 - https:\/\/yoast.com\/wordpress\/plugins\/seo\/ -->\n<title>Svobodn\u00e1, state\u010dn\u00e1, smysln\u00e1 - Park&amp;Shop Olomouc<\/title>\n<meta name=\"robots\" content=\"index, follow, max-snippet:-1, max-image-preview:large, max-video-preview:-1\" \/>\n<link rel=\"canonical\" href=\"https:\/\/parkshop.cz\/olomouc\/svobodna-statecna-smyslna\/\" \/>\n<meta property=\"og:locale\" content=\"cs_CZ\" \/>\n<meta property=\"og:type\" content=\"article\" \/>\n<meta property=\"og:title\" content=\"Svobodn\u00e1, state\u010dn\u00e1, smysln\u00e1 - Park&amp;Shop Olomouc\" \/>\n<meta property=\"og:description\" content=\"B\u0159ezen pat\u0159\u00ed \u017een\u00e1m (mu\u017ei nech\u0165 prominou). Je oslavou kr\u00e1sy v cel\u00e9 jej\u00ed rozmanitosti \u2013 smysln\u00e9, p\u0159irozen\u00e9, jemn\u00e9 i odv\u00e1\u017en\u00e9. Oslavou [&hellip;]\" \/>\n<meta property=\"og:url\" content=\"https:\/\/parkshop.cz\/olomouc\/svobodna-statecna-smyslna\/\" \/>\n<meta property=\"og:site_name\" content=\"Park&amp;Shop Olomouc\" \/>\n<meta property=\"article:published_time\" content=\"2026-03-05T08:22:05+00:00\" \/>\n<meta property=\"article:modified_time\" content=\"2026-03-05T08:23:45+00:00\" \/>\n<meta property=\"og:image\" content=\"https:\/\/parkshop.cz\/olomouc\/wp-content\/uploads\/sites\/2\/2026\/03\/inzerce-pro-OC_Jsem-svou-vlastni-muzou_12_1080-x-1080.jpg\" \/>\n\t<meta property=\"og:image:width\" content=\"1080\" \/>\n\t<meta property=\"og:image:height\" content=\"1080\" \/>\n\t<meta property=\"og:image:type\" content=\"image\/jpeg\" \/>\n<meta name=\"author\" content=\"kolarikvindetect\" \/>\n<meta name=\"twitter:card\" content=\"summary_large_image\" \/>\n<meta name=\"twitter:label1\" content=\"Napsal(a)\" \/>\n\t<meta name=\"twitter:data1\" content=\"kolarikvindetect\" \/>\n\t<meta name=\"twitter:label2\" content=\"Odhadovan\u00e1 doba \u010dten\u00ed\" \/>\n\t<meta name=\"twitter:data2\" content=\"1 minuta\" \/>\n<script type=\"application\/ld+json\" class=\"yoast-schema-graph\">{\"@context\":\"https:\/\/schema.org\",\"@graph\":[{\"@type\":\"Article\",\"@id\":\"https:\/\/parkshop.cz\/olomouc\/svobodna-statecna-smyslna\/#article\",\"isPartOf\":{\"@id\":\"https:\/\/parkshop.cz\/olomouc\/svobodna-statecna-smyslna\/\"},\"author\":{\"name\":\"kolarikvindetect\",\"@id\":\"https:\/\/parkshop.cz\/olomouc\/#\/schema\/person\/148eafd0e533b6a741db38ade995d59c\"},\"headline\":\"Svobodn\u00e1, state\u010dn\u00e1, smysln\u00e1\",\"datePublished\":\"2026-03-05T08:22:05+00:00\",\"dateModified\":\"2026-03-05T08:23:45+00:00\",\"mainEntityOfPage\":{\"@id\":\"https:\/\/parkshop.cz\/olomouc\/svobodna-statecna-smyslna\/\"},\"wordCount\":135,\"publisher\":{\"@id\":\"https:\/\/parkshop.cz\/olomouc\/#organization\"},\"image\":{\"@id\":\"https:\/\/parkshop.cz\/olomouc\/svobodna-statecna-smyslna\/#primaryimage\"},\"thumbnailUrl\":\"https:\/\/parkshop.cz\/olomouc\/wp-content\/uploads\/sites\/2\/2026\/03\/inzerce-pro-OC_Jsem-svou-vlastni-muzou_12_1080-x-1080.jpg\",\"inLanguage\":\"cs\"},{\"@type\":\"WebPage\",\"@id\":\"https:\/\/parkshop.cz\/olomouc\/svobodna-statecna-smyslna\/\",\"url\":\"https:\/\/parkshop.cz\/olomouc\/svobodna-statecna-smyslna\/\",\"name\":\"Svobodn\u00e1, state\u010dn\u00e1, smysln\u00e1 - Park&Shop Olomouc\",\"isPartOf\":{\"@id\":\"https:\/\/parkshop.cz\/olomouc\/#website\"},\"primaryImageOfPage\":{\"@id\":\"https:\/\/parkshop.cz\/olomouc\/svobodna-statecna-smyslna\/#primaryimage\"},\"image\":{\"@id\":\"https:\/\/parkshop.cz\/olomouc\/svobodna-statecna-smyslna\/#primaryimage\"},\"thumbnailUrl\":\"https:\/\/parkshop.cz\/olomouc\/wp-content\/uploads\/sites\/2\/2026\/03\/inzerce-pro-OC_Jsem-svou-vlastni-muzou_12_1080-x-1080.jpg\",\"datePublished\":\"2026-03-05T08:22:05+00:00\",\"dateModified\":\"2026-03-05T08:23:45+00:00\",\"breadcrumb\":{\"@id\":\"https:\/\/parkshop.cz\/olomouc\/svobodna-statecna-smyslna\/#breadcrumb\"},\"inLanguage\":\"cs\",\"potentialAction\":[{\"@type\":\"ReadAction\",\"target\":[\"https:\/\/parkshop.cz\/olomouc\/svobodna-statecna-smyslna\/\"]}]},{\"@type\":\"ImageObject\",\"inLanguage\":\"cs\",\"@id\":\"https:\/\/parkshop.cz\/olomouc\/svobodna-statecna-smyslna\/#primaryimage\",\"url\":\"https:\/\/parkshop.cz\/olomouc\/wp-content\/uploads\/sites\/2\/2026\/03\/inzerce-pro-OC_Jsem-svou-vlastni-muzou_12_1080-x-1080.jpg\",\"contentUrl\":\"https:\/\/parkshop.cz\/olomouc\/wp-content\/uploads\/sites\/2\/2026\/03\/inzerce-pro-OC_Jsem-svou-vlastni-muzou_12_1080-x-1080.jpg\",\"width\":1080,\"height\":1080},{\"@type\":\"BreadcrumbList\",\"@id\":\"https:\/\/parkshop.cz\/olomouc\/svobodna-statecna-smyslna\/#breadcrumb\",\"itemListElement\":[{\"@type\":\"ListItem\",\"position\":1,\"name\":\"Dom\u016f\",\"item\":\"https:\/\/parkshop.cz\/olomouc\/\"},{\"@type\":\"ListItem\",\"position\":2,\"name\":\"Svobodn\u00e1, state\u010dn\u00e1, smysln\u00e1\"}]},{\"@type\":\"WebSite\",\"@id\":\"https:\/\/parkshop.cz\/olomouc\/#website\",\"url\":\"https:\/\/parkshop.cz\/olomouc\/\",\"name\":\"Park&Shop Olomouc\",\"description\":\"Nejv\u011bt\u0161\u00ed n\u00e1kupn\u00ed park v regionu\",\"publisher\":{\"@id\":\"https:\/\/parkshop.cz\/olomouc\/#organization\"},\"potentialAction\":[{\"@type\":\"SearchAction\",\"target\":{\"@type\":\"EntryPoint\",\"urlTemplate\":\"https:\/\/parkshop.cz\/olomouc\/?s={search_term_string}\"},\"query-input\":{\"@type\":\"PropertyValueSpecification\",\"valueRequired\":true,\"valueName\":\"search_term_string\"}}],\"inLanguage\":\"cs\"},{\"@type\":\"Organization\",\"@id\":\"https:\/\/parkshop.cz\/olomouc\/#organization\",\"name\":\"Park&Shop Olomouc\",\"url\":\"https:\/\/parkshop.cz\/olomouc\/\",\"logo\":{\"@type\":\"ImageObject\",\"inLanguage\":\"cs\",\"@id\":\"https:\/\/parkshop.cz\/olomouc\/#\/schema\/logo\/image\/\",\"url\":\"https:\/\/parkshop.cz\/olomouc\/wp-content\/uploads\/sites\/2\/2022\/10\/park_shop_logo.svg\",\"contentUrl\":\"https:\/\/parkshop.cz\/olomouc\/wp-content\/uploads\/sites\/2\/2022\/10\/park_shop_logo.svg\",\"caption\":\"Park&Shop Olomouc\"},\"image\":{\"@id\":\"https:\/\/parkshop.cz\/olomouc\/#\/schema\/logo\/image\/\"}},{\"@type\":\"Person\",\"@id\":\"https:\/\/parkshop.cz\/olomouc\/#\/schema\/person\/148eafd0e533b6a741db38ade995d59c\",\"name\":\"kolarikvindetect\",\"url\":\"https:\/\/parkshop.cz\/olomouc\/author\/kolarik\/\"}]}<\/script>\n<!-- \/ Yoast SEO plugin. -->","yoast_head_json":{"title":"Svobodn\u00e1, state\u010dn\u00e1, smysln\u00e1 - Park&Shop Olomouc","robots":{"index":"index","follow":"follow","max-snippet":"max-snippet:-1","max-image-preview":"max-image-preview:large","max-video-preview":"max-video-preview:-1"},"canonical":"https:\/\/parkshop.cz\/olomouc\/svobodna-statecna-smyslna\/","og_locale":"cs_CZ","og_type":"article","og_title":"Svobodn\u00e1, state\u010dn\u00e1, smysln\u00e1 - Park&Shop Olomouc","og_description":"B\u0159ezen pat\u0159\u00ed \u017een\u00e1m (mu\u017ei nech\u0165 prominou). Je oslavou kr\u00e1sy v cel\u00e9 jej\u00ed rozmanitosti \u2013 smysln\u00e9, p\u0159irozen\u00e9, jemn\u00e9 i odv\u00e1\u017en\u00e9. Oslavou [&hellip;]","og_url":"https:\/\/parkshop.cz\/olomouc\/svobodna-statecna-smyslna\/","og_site_name":"Park&Shop Olomouc","article_published_time":"2026-03-05T08:22:05+00:00","article_modified_time":"2026-03-05T08:23:45+00:00","og_image":[{"width":1080,"height":1080,"url":"https:\/\/parkshop.cz\/olomouc\/wp-content\/uploads\/sites\/2\/2026\/03\/inzerce-pro-OC_Jsem-svou-vlastni-muzou_12_1080-x-1080.jpg","type":"image\/jpeg"}],"author":"kolarikvindetect","twitter_card":"summary_large_image","twitter_misc":{"Napsal(a)":"kolarikvindetect","Odhadovan\u00e1 doba \u010dten\u00ed":"1 minuta"},"schema":{"@context":"https:\/\/schema.org","@graph":[{"@type":"Article","@id":"https:\/\/parkshop.cz\/olomouc\/svobodna-statecna-smyslna\/#article","isPartOf":{"@id":"https:\/\/parkshop.cz\/olomouc\/svobodna-statecna-smyslna\/"},"author":{"name":"kolarikvindetect","@id":"https:\/\/parkshop.cz\/olomouc\/#\/schema\/person\/148eafd0e533b6a741db38ade995d59c"},"headline":"Svobodn\u00e1, state\u010dn\u00e1, smysln\u00e1","datePublished":"2026-03-05T08:22:05+00:00","dateModified":"2026-03-05T08:23:45+00:00","mainEntityOfPage":{"@id":"https:\/\/parkshop.cz\/olomouc\/svobodna-statecna-smyslna\/"},"wordCount":135,"publisher":{"@id":"https:\/\/parkshop.cz\/olomouc\/#organization"},"image":{"@id":"https:\/\/parkshop.cz\/olomouc\/svobodna-statecna-smyslna\/#primaryimage"},"thumbnailUrl":"https:\/\/parkshop.cz\/olomouc\/wp-content\/uploads\/sites\/2\/2026\/03\/inzerce-pro-OC_Jsem-svou-vlastni-muzou_12_1080-x-1080.jpg","inLanguage":"cs"},{"@type":"WebPage","@id":"https:\/\/parkshop.cz\/olomouc\/svobodna-statecna-smyslna\/","url":"https:\/\/parkshop.cz\/olomouc\/svobodna-statecna-smyslna\/","name":"Svobodn\u00e1, state\u010dn\u00e1, smysln\u00e1 - Park&Shop Olomouc","isPartOf":{"@id":"https:\/\/parkshop.cz\/olomouc\/#website"},"primaryImageOfPage":{"@id":"https:\/\/parkshop.cz\/olomouc\/svobodna-statecna-smyslna\/#primaryimage"},"image":{"@id":"https:\/\/parkshop.cz\/olomouc\/svobodna-statecna-smyslna\/#primaryimage"},"thumbnailUrl":"https:\/\/parkshop.cz\/olomouc\/wp-content\/uploads\/sites\/2\/2026\/03\/inzerce-pro-OC_Jsem-svou-vlastni-muzou_12_1080-x-1080.jpg","datePublished":"2026-03-05T08:22:05+00:00","dateModified":"2026-03-05T08:23:45+00:00","breadcrumb":{"@id":"https:\/\/parkshop.cz\/olomouc\/svobodna-statecna-smyslna\/#breadcrumb"},"inLanguage":"cs","potentialAction":[{"@type":"ReadAction","target":["https:\/\/parkshop.cz\/olomouc\/svobodna-statecna-smyslna\/"]}]},{"@type":"ImageObject","inLanguage":"cs","@id":"https:\/\/parkshop.cz\/olomouc\/svobodna-statecna-smyslna\/#primaryimage","url":"https:\/\/parkshop.cz\/olomouc\/wp-content\/uploads\/sites\/2\/2026\/03\/inzerce-pro-OC_Jsem-svou-vlastni-muzou_12_1080-x-1080.jpg","contentUrl":"https:\/\/parkshop.cz\/olomouc\/wp-content\/uploads\/sites\/2\/2026\/03\/inzerce-pro-OC_Jsem-svou-vlastni-muzou_12_1080-x-1080.jpg","width":1080,"height":1080},{"@type":"BreadcrumbList","@id":"https:\/\/parkshop.cz\/olomouc\/svobodna-statecna-smyslna\/#breadcrumb","itemListElement":[{"@type":"ListItem","position":1,"name":"Dom\u016f","item":"https:\/\/parkshop.cz\/olomouc\/"},{"@type":"ListItem","position":2,"name":"Svobodn\u00e1, state\u010dn\u00e1, smysln\u00e1"}]},{"@type":"WebSite","@id":"https:\/\/parkshop.cz\/olomouc\/#website","url":"https:\/\/parkshop.cz\/olomouc\/","name":"Park&Shop Olomouc","description":"Nejv\u011bt\u0161\u00ed n\u00e1kupn\u00ed park v regionu","publisher":{"@id":"https:\/\/parkshop.cz\/olomouc\/#organization"},"potentialAction":[{"@type":"SearchAction","target":{"@type":"EntryPoint","urlTemplate":"https:\/\/parkshop.cz\/olomouc\/?s={search_term_string}"},"query-input":{"@type":"PropertyValueSpecification","valueRequired":true,"valueName":"search_term_string"}}],"inLanguage":"cs"},{"@type":"Organization","@id":"https:\/\/parkshop.cz\/olomouc\/#organization","name":"Park&Shop Olomouc","url":"https:\/\/parkshop.cz\/olomouc\/","logo":{"@type":"ImageObject","inLanguage":"cs","@id":"https:\/\/parkshop.cz\/olomouc\/#\/schema\/logo\/image\/","url":"https:\/\/parkshop.cz\/olomouc\/wp-content\/uploads\/sites\/2\/2022\/10\/park_shop_logo.svg","contentUrl":"https:\/\/parkshop.cz\/olomouc\/wp-content\/uploads\/sites\/2\/2022\/10\/park_shop_logo.svg","caption":"Park&Shop Olomouc"},"image":{"@id":"https:\/\/parkshop.cz\/olomouc\/#\/schema\/logo\/image\/"}},{"@type":"Person","@id":"https:\/\/parkshop.cz\/olomouc\/#\/schema\/person\/148eafd0e533b6a741db38ade995d59c","name":"kolarikvindetect","url":"https:\/\/parkshop.cz\/olomouc\/author\/kolarik\/"}]}},"publishpress_future_action":{"enabled":false,"date":"2026-05-03 22:59:53","action":"change-status","newStatus":"draft","terms":[],"taxonomy":"category","extraData":[]},"publishpress_future_workflow_manual_trigger":{"enabledWorkflows":[]},"_links":{"self":[{"href":"https:\/\/parkshop.cz\/olomouc\/wp-json\/wp\/v2\/posts\/921","targetHints":{"allow":["GET"]}}],"collection":[{"href":"https:\/\/parkshop.cz\/olomouc\/wp-json\/wp\/v2\/posts"}],"about":[{"href":"https:\/\/parkshop.cz\/olomouc\/wp-json\/wp\/v2\/types\/post"}],"author":[{"embeddable":true,"href":"https:\/\/parkshop.cz\/olomouc\/wp-json\/wp\/v2\/users\/3"}],"replies":[{"embeddable":true,"href":"https:\/\/parkshop.cz\/olomouc\/wp-json\/wp\/v2\/comments?post=921"}],"version-history":[{"count":1,"href":"https:\/\/parkshop.cz\/olomouc\/wp-json\/wp\/v2\/posts\/921\/revisions"}],"predecessor-version":[{"id":923,"href":"https:\/\/parkshop.cz\/olomouc\/wp-json\/wp\/v2\/posts\/921\/revisions\/923"}],"wp:featuredmedia":[{"embeddable":true,"href":"https:\/\/parkshop.cz\/olomouc\/wp-json\/wp\/v2\/media\/922"}],"wp:attachment":[{"href":"https:\/\/parkshop.cz\/olomouc\/wp-json\/wp\/v2\/media?parent=921"}],"wp:term":[{"taxonomy":"category","embeddable":true,"href":"https:\/\/parkshop.cz\/olomouc\/wp-json\/wp\/v2\/categories?post=921"},{"taxonomy":"post_tag","embeddable":true,"href":"https:\/\/parkshop.cz\/olomouc\/wp-json\/wp\/v2\/tags?post=921"}],"curies":[{"name":"wp","href":"https:\/\/api.w.org\/{rel}","templated":true}]}}