{"id":810,"date":"2025-08-14T10:59:10","date_gmt":"2025-08-14T08:59:10","guid":{"rendered":"https:\/\/parkshop.cz\/olomouc\/?p=810"},"modified":"2025-08-14T10:59:10","modified_gmt":"2025-08-14T08:59:10","slug":"mnau-momenty-ktere-stoji-za-to","status":"publish","type":"post","link":"https:\/\/parkshop.cz\/olomouc\/mnau-momenty-ktere-stoji-za-to\/","title":{"rendered":"M\u0148au momenty, kter\u00e9 stoj\u00ed za to"},"content":{"rendered":"<p style=\"font-weight: 400;\">Kdo by nemiloval ko\u010di\u010d\u00ed p\u0159eden\u00ed? Sta\u010d\u00ed pln\u00e1 miska, n\u011bjak\u00e1 dobr\u016ftka k tomu a \u010dum\u00e1\u010dek se rozechv\u011bje. Vyzkou\u0161ejte \u0161\u0165avnat\u00e9 kapsi\u010dky, fresh ml\u00ed\u010dka nebo k\u0159upav\u00e9 pamlsky, kter\u00e9 pot\u011b\u0161\u00ed nejen ko\u010di\u010dky, ale hlavn\u011b va\u0161i pen\u011b\u017eenku. Do ko\u0161\u00edku nezapome\u0148te p\u0159ihodit stelivo, kter\u00e9 pohlt\u00ed v\u00edc ne\u017e jen pachy, a v\u00fdhodn\u00e9 multipacky (od 7,33 K\u010d za 100 g), d\u00edky kter\u00fdm bude spokojen\u00fd i v\u00e1\u0161 rozpo\u010det. Prost\u011b purr-fektn\u00ed sestava.<\/p>\n<p><a href=\"https:\/\/www.dm.cz\/zvirata\/kocky\" target=\"_blank\" rel=\"noopener\">Pot\u0159eby a krmivo pro ko\u010dky | dm.cz<\/a><\/p>\n","protected":false},"excerpt":{"rendered":"<p>Kdo by nemiloval ko\u010di\u010d\u00ed p\u0159eden\u00ed? Sta\u010d\u00ed pln\u00e1 miska, n\u011bjak\u00e1 dobr\u016ftka k tomu a \u010dum\u00e1\u010dek se rozechv\u011bje. Vyzkou\u0161ejte \u0161\u0165avnat\u00e9 kapsi\u010dky, fresh [&hellip;]<\/p>\n","protected":false},"author":2,"featured_media":811,"comment_status":"closed","ping_status":"open","sticky":false,"template":"","format":"standard","meta":{"_acf_changed":false,"footnotes":""},"categories":[1],"tags":[],"class_list":["post-810","post","type-post","status-publish","format-standard","has-post-thumbnail","hentry","category-nezarazene"],"acf":{"na_zacatek_akce":"14.08.2025","na_doba_trvani_akce_oddo":"14.08.2025 - 31.08.2025","na_obchod":{"ID":587,"post_author":"3","post_date":"2024-09-04 08:13:29","post_date_gmt":"2024-09-04 06:13:29","post_content":"<p class=\"ab hk hl hm hn ho\">Otev\u00edr\u00e1me novou prodejnu dm v RP Han\u00e1 Olomouc, kter\u00e1 se nach\u00e1z\u00ed jen p\u00e1r krok\u016f od t\u00e9 p\u016fvodn\u00ed. <strong>P\u0159i t\u00e9to p\u0159\u00edle\u017eitosti jsme si pro v\u00e1s od 12.09. do 15.09.2024 p\u0159ipravili slevu 20 %* na cel\u00fd v\u00e1\u0161 n\u00e1kup.<\/strong> Pro pohodln\u011bj\u0161\u00ed nakupov\u00e1n\u00ed od n\u00e1s obdr\u017e\u00edte ta\u0161ku k n\u00e1kupu\u00a0zdarma.**<\/p>\r\n<p class=\"ab hk hl hm hn ho\">P\u0159ij\u010fte nav\u0161t\u00edvit na\u0161i nov\u011b otev\u0159enou prodejnu, kde na v\u00e1s \u010dek\u00e1 modern\u00ed uspo\u0159\u00e1d\u00e1n\u00ed prodejny v\u010detn\u011b beauty \u010dtvrti, kter\u00e1 nab\u00edz\u00ed \u0161irok\u00fd v\u00fdb\u011br kosmetick\u00fdch produkt\u016f. Ka\u017ed\u00fd n\u00e1kupn\u00ed voz\u00edk je vybaven unik\u00e1tn\u00ed \u010dtec\u00ed lupou, kter\u00e1 v\u00e1m usnadn\u00ed \u010dten\u00ed etiket.\u00a0<strong class=\"t hp\">Bezplatn\u00e9 wi-fi p\u0159ipojen\u00ed<\/strong>\u00a0v\u00e1m umo\u017en\u00ed p\u0159ipojen\u00ed online a\u017e dv\u011b hodiny denn\u011b zdarma, tak\u017ee m\u016f\u017eete vy\u0159izovat e-maily nebo sd\u00edlet sv\u00e9 n\u00e1kupn\u00ed z\u00e1\u017eitky i b\u011bhem nakupov\u00e1n\u00ed v dm. Rodi\u010de s mal\u00fdmi d\u011btmi zde najdou\u00a0<strong class=\"t hp\">z\u00e1kaznick\u00e9 WC s p\u0159ebalovac\u00edm pultem<\/strong>\u00a0a\u00a0<strong class=\"t hp\">d\u011btsk\u00fd koutek<\/strong>\u00a0s hrac\u00edmi elementy, kter\u00fd zabav\u00ed mal\u00e9 n\u00e1v\u0161t\u011bvn\u00edky, zat\u00edmco vy se budete moci v\u011bnovat objevov\u00e1n\u00ed sortimentu. B\u011bhem sv\u00e9 n\u00e1v\u0161t\u011bvy nezapome\u0148te tak\u00e9 vyu\u017e\u00edt\u00a0<strong class=\"t hp\">CEWE fotostanici<\/strong>\u00a0pro okam\u017eit\u00fd tisk fotografi\u00ed a mo\u017enost vytisknout si personalizovanou etiketu ze sv\u00fdch vlastn\u00edch sn\u00edmk\u016f.\u00a0P\u0159ij\u010fte a p\u0159esv\u011bd\u010dte se, jak p\u0159\u00edjemn\u00e9 a pohodln\u00e9 m\u016f\u017ee b\u00fdt nakupov\u00e1n\u00ed v dm.<\/p>\r\n<p class=\"ab hk hl hm hn ho\"><\/p>","post_title":"DM","post_excerpt":"","post_status":"publish","comment_status":"closed","ping_status":"closed","post_password":"","post_name":"dm","to_ping":"","pinged":"","post_modified":"2024-09-05 08:52:56","post_modified_gmt":"2024-09-05 06:52:56","post_content_filtered":"","post_parent":0,"guid":"https:\/\/parkshop.cz\/olomouc\/?post_type=obchody&#038;p=587","menu_order":0,"post_type":"obchody","post_mime_type":"","comment_count":"0","filter":"raw"}},"yoast_head":"<!-- This site is optimized with the Yoast SEO plugin v26.5 - https:\/\/yoast.com\/wordpress\/plugins\/seo\/ -->\n<title>M\u0148au momenty, kter\u00e9 stoj\u00ed za to - Park&amp;Shop Olomouc<\/title>\n<meta name=\"robots\" content=\"index, follow, max-snippet:-1, max-image-preview:large, max-video-preview:-1\" \/>\n<link rel=\"canonical\" href=\"https:\/\/parkshop.cz\/olomouc\/mnau-momenty-ktere-stoji-za-to\/\" \/>\n<meta property=\"og:locale\" content=\"cs_CZ\" \/>\n<meta property=\"og:type\" content=\"article\" \/>\n<meta property=\"og:title\" content=\"M\u0148au momenty, kter\u00e9 stoj\u00ed za to - Park&amp;Shop Olomouc\" \/>\n<meta property=\"og:description\" content=\"Kdo by nemiloval ko\u010di\u010d\u00ed p\u0159eden\u00ed? Sta\u010d\u00ed pln\u00e1 miska, n\u011bjak\u00e1 dobr\u016ftka k tomu a \u010dum\u00e1\u010dek se rozechv\u011bje. Vyzkou\u0161ejte \u0161\u0165avnat\u00e9 kapsi\u010dky, fresh [&hellip;]\" \/>\n<meta property=\"og:url\" content=\"https:\/\/parkshop.cz\/olomouc\/mnau-momenty-ktere-stoji-za-to\/\" \/>\n<meta property=\"og:site_name\" content=\"Park&amp;Shop Olomouc\" \/>\n<meta property=\"article:published_time\" content=\"2025-08-14T08:59:10+00:00\" \/>\n<meta property=\"og:image\" content=\"https:\/\/parkshop.cz\/olomouc\/wp-content\/uploads\/sites\/2\/2025\/08\/inzerce-pro-OC_DeinBestes_13_1200-x-1200.jpg\" \/>\n\t<meta property=\"og:image:width\" content=\"1200\" \/>\n\t<meta property=\"og:image:height\" content=\"1200\" \/>\n\t<meta property=\"og:image:type\" content=\"image\/jpeg\" \/>\n<meta name=\"author\" content=\"parkshopofc\" \/>\n<meta name=\"twitter:card\" content=\"summary_large_image\" \/>\n<meta name=\"twitter:label1\" content=\"Napsal(a)\" \/>\n\t<meta name=\"twitter:data1\" content=\"parkshopofc\" \/>\n\t<meta name=\"twitter:label2\" content=\"Odhadovan\u00e1 doba \u010dten\u00ed\" \/>\n\t<meta name=\"twitter:data2\" content=\"1 minuta\" \/>\n<script type=\"application\/ld+json\" class=\"yoast-schema-graph\">{\"@context\":\"https:\/\/schema.org\",\"@graph\":[{\"@type\":\"Article\",\"@id\":\"https:\/\/parkshop.cz\/olomouc\/mnau-momenty-ktere-stoji-za-to\/#article\",\"isPartOf\":{\"@id\":\"https:\/\/parkshop.cz\/olomouc\/mnau-momenty-ktere-stoji-za-to\/\"},\"author\":{\"name\":\"parkshopofc\",\"@id\":\"https:\/\/parkshop.cz\/olomouc\/#\/schema\/person\/ae3d8fcb3e2d2f59aaf7b32eb2080e03\"},\"headline\":\"M\u0148au momenty, kter\u00e9 stoj\u00ed za to\",\"datePublished\":\"2025-08-14T08:59:10+00:00\",\"mainEntityOfPage\":{\"@id\":\"https:\/\/parkshop.cz\/olomouc\/mnau-momenty-ktere-stoji-za-to\/\"},\"wordCount\":98,\"publisher\":{\"@id\":\"https:\/\/parkshop.cz\/olomouc\/#organization\"},\"image\":{\"@id\":\"https:\/\/parkshop.cz\/olomouc\/mnau-momenty-ktere-stoji-za-to\/#primaryimage\"},\"thumbnailUrl\":\"https:\/\/parkshop.cz\/olomouc\/wp-content\/uploads\/sites\/2\/2025\/08\/inzerce-pro-OC_DeinBestes_13_1200-x-1200.jpg\",\"inLanguage\":\"cs\"},{\"@type\":\"WebPage\",\"@id\":\"https:\/\/parkshop.cz\/olomouc\/mnau-momenty-ktere-stoji-za-to\/\",\"url\":\"https:\/\/parkshop.cz\/olomouc\/mnau-momenty-ktere-stoji-za-to\/\",\"name\":\"M\u0148au momenty, kter\u00e9 stoj\u00ed za to - Park&Shop Olomouc\",\"isPartOf\":{\"@id\":\"https:\/\/parkshop.cz\/olomouc\/#website\"},\"primaryImageOfPage\":{\"@id\":\"https:\/\/parkshop.cz\/olomouc\/mnau-momenty-ktere-stoji-za-to\/#primaryimage\"},\"image\":{\"@id\":\"https:\/\/parkshop.cz\/olomouc\/mnau-momenty-ktere-stoji-za-to\/#primaryimage\"},\"thumbnailUrl\":\"https:\/\/parkshop.cz\/olomouc\/wp-content\/uploads\/sites\/2\/2025\/08\/inzerce-pro-OC_DeinBestes_13_1200-x-1200.jpg\",\"datePublished\":\"2025-08-14T08:59:10+00:00\",\"breadcrumb\":{\"@id\":\"https:\/\/parkshop.cz\/olomouc\/mnau-momenty-ktere-stoji-za-to\/#breadcrumb\"},\"inLanguage\":\"cs\",\"potentialAction\":[{\"@type\":\"ReadAction\",\"target\":[\"https:\/\/parkshop.cz\/olomouc\/mnau-momenty-ktere-stoji-za-to\/\"]}]},{\"@type\":\"ImageObject\",\"inLanguage\":\"cs\",\"@id\":\"https:\/\/parkshop.cz\/olomouc\/mnau-momenty-ktere-stoji-za-to\/#primaryimage\",\"url\":\"https:\/\/parkshop.cz\/olomouc\/wp-content\/uploads\/sites\/2\/2025\/08\/inzerce-pro-OC_DeinBestes_13_1200-x-1200.jpg\",\"contentUrl\":\"https:\/\/parkshop.cz\/olomouc\/wp-content\/uploads\/sites\/2\/2025\/08\/inzerce-pro-OC_DeinBestes_13_1200-x-1200.jpg\",\"width\":1200,\"height\":1200},{\"@type\":\"BreadcrumbList\",\"@id\":\"https:\/\/parkshop.cz\/olomouc\/mnau-momenty-ktere-stoji-za-to\/#breadcrumb\",\"itemListElement\":[{\"@type\":\"ListItem\",\"position\":1,\"name\":\"Dom\u016f\",\"item\":\"https:\/\/parkshop.cz\/olomouc\/\"},{\"@type\":\"ListItem\",\"position\":2,\"name\":\"M\u0148au momenty, kter\u00e9 stoj\u00ed za to\"}]},{\"@type\":\"WebSite\",\"@id\":\"https:\/\/parkshop.cz\/olomouc\/#website\",\"url\":\"https:\/\/parkshop.cz\/olomouc\/\",\"name\":\"Park&Shop Olomouc\",\"description\":\"Nejv\u011bt\u0161\u00ed n\u00e1kupn\u00ed park v regionu\",\"publisher\":{\"@id\":\"https:\/\/parkshop.cz\/olomouc\/#organization\"},\"potentialAction\":[{\"@type\":\"SearchAction\",\"target\":{\"@type\":\"EntryPoint\",\"urlTemplate\":\"https:\/\/parkshop.cz\/olomouc\/?s={search_term_string}\"},\"query-input\":{\"@type\":\"PropertyValueSpecification\",\"valueRequired\":true,\"valueName\":\"search_term_string\"}}],\"inLanguage\":\"cs\"},{\"@type\":\"Organization\",\"@id\":\"https:\/\/parkshop.cz\/olomouc\/#organization\",\"name\":\"Park&Shop Olomouc\",\"url\":\"https:\/\/parkshop.cz\/olomouc\/\",\"logo\":{\"@type\":\"ImageObject\",\"inLanguage\":\"cs\",\"@id\":\"https:\/\/parkshop.cz\/olomouc\/#\/schema\/logo\/image\/\",\"url\":\"https:\/\/parkshop.cz\/olomouc\/wp-content\/uploads\/sites\/2\/2022\/10\/park_shop_logo.svg\",\"contentUrl\":\"https:\/\/parkshop.cz\/olomouc\/wp-content\/uploads\/sites\/2\/2022\/10\/park_shop_logo.svg\",\"caption\":\"Park&Shop Olomouc\"},\"image\":{\"@id\":\"https:\/\/parkshop.cz\/olomouc\/#\/schema\/logo\/image\/\"}},{\"@type\":\"Person\",\"@id\":\"https:\/\/parkshop.cz\/olomouc\/#\/schema\/person\/ae3d8fcb3e2d2f59aaf7b32eb2080e03\",\"name\":\"parkshopofc\",\"url\":\"https:\/\/parkshop.cz\/olomouc\/author\/parkshop\/\"}]}<\/script>\n<!-- \/ Yoast SEO plugin. -->","yoast_head_json":{"title":"M\u0148au momenty, kter\u00e9 stoj\u00ed za to - Park&Shop Olomouc","robots":{"index":"index","follow":"follow","max-snippet":"max-snippet:-1","max-image-preview":"max-image-preview:large","max-video-preview":"max-video-preview:-1"},"canonical":"https:\/\/parkshop.cz\/olomouc\/mnau-momenty-ktere-stoji-za-to\/","og_locale":"cs_CZ","og_type":"article","og_title":"M\u0148au momenty, kter\u00e9 stoj\u00ed za to - Park&Shop Olomouc","og_description":"Kdo by nemiloval ko\u010di\u010d\u00ed p\u0159eden\u00ed? Sta\u010d\u00ed pln\u00e1 miska, n\u011bjak\u00e1 dobr\u016ftka k tomu a \u010dum\u00e1\u010dek se rozechv\u011bje. Vyzkou\u0161ejte \u0161\u0165avnat\u00e9 kapsi\u010dky, fresh [&hellip;]","og_url":"https:\/\/parkshop.cz\/olomouc\/mnau-momenty-ktere-stoji-za-to\/","og_site_name":"Park&Shop Olomouc","article_published_time":"2025-08-14T08:59:10+00:00","og_image":[{"width":1200,"height":1200,"url":"https:\/\/parkshop.cz\/olomouc\/wp-content\/uploads\/sites\/2\/2025\/08\/inzerce-pro-OC_DeinBestes_13_1200-x-1200.jpg","type":"image\/jpeg"}],"author":"parkshopofc","twitter_card":"summary_large_image","twitter_misc":{"Napsal(a)":"parkshopofc","Odhadovan\u00e1 doba \u010dten\u00ed":"1 minuta"},"schema":{"@context":"https:\/\/schema.org","@graph":[{"@type":"Article","@id":"https:\/\/parkshop.cz\/olomouc\/mnau-momenty-ktere-stoji-za-to\/#article","isPartOf":{"@id":"https:\/\/parkshop.cz\/olomouc\/mnau-momenty-ktere-stoji-za-to\/"},"author":{"name":"parkshopofc","@id":"https:\/\/parkshop.cz\/olomouc\/#\/schema\/person\/ae3d8fcb3e2d2f59aaf7b32eb2080e03"},"headline":"M\u0148au momenty, kter\u00e9 stoj\u00ed za to","datePublished":"2025-08-14T08:59:10+00:00","mainEntityOfPage":{"@id":"https:\/\/parkshop.cz\/olomouc\/mnau-momenty-ktere-stoji-za-to\/"},"wordCount":98,"publisher":{"@id":"https:\/\/parkshop.cz\/olomouc\/#organization"},"image":{"@id":"https:\/\/parkshop.cz\/olomouc\/mnau-momenty-ktere-stoji-za-to\/#primaryimage"},"thumbnailUrl":"https:\/\/parkshop.cz\/olomouc\/wp-content\/uploads\/sites\/2\/2025\/08\/inzerce-pro-OC_DeinBestes_13_1200-x-1200.jpg","inLanguage":"cs"},{"@type":"WebPage","@id":"https:\/\/parkshop.cz\/olomouc\/mnau-momenty-ktere-stoji-za-to\/","url":"https:\/\/parkshop.cz\/olomouc\/mnau-momenty-ktere-stoji-za-to\/","name":"M\u0148au momenty, kter\u00e9 stoj\u00ed za to - Park&Shop Olomouc","isPartOf":{"@id":"https:\/\/parkshop.cz\/olomouc\/#website"},"primaryImageOfPage":{"@id":"https:\/\/parkshop.cz\/olomouc\/mnau-momenty-ktere-stoji-za-to\/#primaryimage"},"image":{"@id":"https:\/\/parkshop.cz\/olomouc\/mnau-momenty-ktere-stoji-za-to\/#primaryimage"},"thumbnailUrl":"https:\/\/parkshop.cz\/olomouc\/wp-content\/uploads\/sites\/2\/2025\/08\/inzerce-pro-OC_DeinBestes_13_1200-x-1200.jpg","datePublished":"2025-08-14T08:59:10+00:00","breadcrumb":{"@id":"https:\/\/parkshop.cz\/olomouc\/mnau-momenty-ktere-stoji-za-to\/#breadcrumb"},"inLanguage":"cs","potentialAction":[{"@type":"ReadAction","target":["https:\/\/parkshop.cz\/olomouc\/mnau-momenty-ktere-stoji-za-to\/"]}]},{"@type":"ImageObject","inLanguage":"cs","@id":"https:\/\/parkshop.cz\/olomouc\/mnau-momenty-ktere-stoji-za-to\/#primaryimage","url":"https:\/\/parkshop.cz\/olomouc\/wp-content\/uploads\/sites\/2\/2025\/08\/inzerce-pro-OC_DeinBestes_13_1200-x-1200.jpg","contentUrl":"https:\/\/parkshop.cz\/olomouc\/wp-content\/uploads\/sites\/2\/2025\/08\/inzerce-pro-OC_DeinBestes_13_1200-x-1200.jpg","width":1200,"height":1200},{"@type":"BreadcrumbList","@id":"https:\/\/parkshop.cz\/olomouc\/mnau-momenty-ktere-stoji-za-to\/#breadcrumb","itemListElement":[{"@type":"ListItem","position":1,"name":"Dom\u016f","item":"https:\/\/parkshop.cz\/olomouc\/"},{"@type":"ListItem","position":2,"name":"M\u0148au momenty, kter\u00e9 stoj\u00ed za to"}]},{"@type":"WebSite","@id":"https:\/\/parkshop.cz\/olomouc\/#website","url":"https:\/\/parkshop.cz\/olomouc\/","name":"Park&Shop Olomouc","description":"Nejv\u011bt\u0161\u00ed n\u00e1kupn\u00ed park v regionu","publisher":{"@id":"https:\/\/parkshop.cz\/olomouc\/#organization"},"potentialAction":[{"@type":"SearchAction","target":{"@type":"EntryPoint","urlTemplate":"https:\/\/parkshop.cz\/olomouc\/?s={search_term_string}"},"query-input":{"@type":"PropertyValueSpecification","valueRequired":true,"valueName":"search_term_string"}}],"inLanguage":"cs"},{"@type":"Organization","@id":"https:\/\/parkshop.cz\/olomouc\/#organization","name":"Park&Shop Olomouc","url":"https:\/\/parkshop.cz\/olomouc\/","logo":{"@type":"ImageObject","inLanguage":"cs","@id":"https:\/\/parkshop.cz\/olomouc\/#\/schema\/logo\/image\/","url":"https:\/\/parkshop.cz\/olomouc\/wp-content\/uploads\/sites\/2\/2022\/10\/park_shop_logo.svg","contentUrl":"https:\/\/parkshop.cz\/olomouc\/wp-content\/uploads\/sites\/2\/2022\/10\/park_shop_logo.svg","caption":"Park&Shop Olomouc"},"image":{"@id":"https:\/\/parkshop.cz\/olomouc\/#\/schema\/logo\/image\/"}},{"@type":"Person","@id":"https:\/\/parkshop.cz\/olomouc\/#\/schema\/person\/ae3d8fcb3e2d2f59aaf7b32eb2080e03","name":"parkshopofc","url":"https:\/\/parkshop.cz\/olomouc\/author\/parkshop\/"}]}},"publishpress_future_action":{"enabled":false,"date":"2026-05-04 02:38:04","action":"change-status","newStatus":"draft","terms":[],"taxonomy":"category","extraData":[]},"publishpress_future_workflow_manual_trigger":{"enabledWorkflows":[]},"_links":{"self":[{"href":"https:\/\/parkshop.cz\/olomouc\/wp-json\/wp\/v2\/posts\/810","targetHints":{"allow":["GET"]}}],"collection":[{"href":"https:\/\/parkshop.cz\/olomouc\/wp-json\/wp\/v2\/posts"}],"about":[{"href":"https:\/\/parkshop.cz\/olomouc\/wp-json\/wp\/v2\/types\/post"}],"author":[{"embeddable":true,"href":"https:\/\/parkshop.cz\/olomouc\/wp-json\/wp\/v2\/users\/2"}],"replies":[{"embeddable":true,"href":"https:\/\/parkshop.cz\/olomouc\/wp-json\/wp\/v2\/comments?post=810"}],"version-history":[{"count":1,"href":"https:\/\/parkshop.cz\/olomouc\/wp-json\/wp\/v2\/posts\/810\/revisions"}],"predecessor-version":[{"id":812,"href":"https:\/\/parkshop.cz\/olomouc\/wp-json\/wp\/v2\/posts\/810\/revisions\/812"}],"wp:featuredmedia":[{"embeddable":true,"href":"https:\/\/parkshop.cz\/olomouc\/wp-json\/wp\/v2\/media\/811"}],"wp:attachment":[{"href":"https:\/\/parkshop.cz\/olomouc\/wp-json\/wp\/v2\/media?parent=810"}],"wp:term":[{"taxonomy":"category","embeddable":true,"href":"https:\/\/parkshop.cz\/olomouc\/wp-json\/wp\/v2\/categories?post=810"},{"taxonomy":"post_tag","embeddable":true,"href":"https:\/\/parkshop.cz\/olomouc\/wp-json\/wp\/v2\/tags?post=810"}],"curies":[{"name":"wp","href":"https:\/\/api.w.org\/{rel}","templated":true}]}}