{"id":151,"date":"2022-09-14T15:02:29","date_gmt":"2022-09-14T13:02:29","guid":{"rendered":"https:\/\/parkshop.cz\/olomouc\/?p=151"},"modified":"2022-11-25T11:32:05","modified_gmt":"2022-11-25T10:32:05","slug":"snite-o-spanku-jako-na-oblacku","status":"publish","type":"post","link":"https:\/\/parkshop.cz\/olomouc\/snite-o-spanku-jako-na-oblacku\/","title":{"rendered":"Sn\u00edte o sp\u00e1nku jako na obl\u00e1\u010dku?"},"content":{"rendered":"<p>V ProSp\u00e1nku poskytujeme bezplatn\u00e9 sp\u00e1nkov\u00e9 poradenstv\u00ed, aby i va\u0161e noci byly p\u0159\u00edmo nebesk\u00e9.<br \/>\nNa\u0161i sp\u00e1nkov\u00ed poradci v\u00e1m ochotn\u011b porad\u00ed s v\u00fdb\u011brem a doporu\u010d\u00ed v\u00e1m ty nejlep\u0161\u00ed matrace pro zdrav\u00fd sp\u00e1nek.<\/p>\n","protected":false},"excerpt":{"rendered":"<p>V ProSp\u00e1nku poskytujeme bezplatn\u00e9 sp\u00e1nkov\u00e9 poradenstv\u00ed, aby i va\u0161e noci byly p\u0159\u00edmo nebesk\u00e9. Na\u0161i sp\u00e1nkov\u00ed poradci v\u00e1m ochotn\u011b porad\u00ed s [&hellip;]<\/p>\n","protected":false},"author":1,"featured_media":282,"comment_status":"closed","ping_status":"open","sticky":false,"template":"","format":"standard","meta":{"_acf_changed":false,"footnotes":""},"categories":[1],"tags":[],"class_list":["post-151","post","type-post","status-publish","format-standard","has-post-thumbnail","hentry","category-nezarazene"],"acf":{"na_zacatek_akce":"01.09.2022","na_doba_trvani_akce_oddo":"Do odvol\u00e1n\u00ed","na_obchod":{"ID":131,"post_author":"1","post_date":"2022-09-14 14:06:08","post_date_gmt":"2022-09-14 12:06:08","post_content":"<em>V\u0161e pro lo\u017enici a zdrav\u00fd sp\u00e1nek<\/em>\r\n\r\nZdrav\u00fd sp\u00e1nek je nezbytnou sou\u010d\u00e1st\u00ed \u017eivota. V\u011bnujte proto 1 hodinu sv\u00e9ho \u010dasu v\u00fdb\u011bru matrace a zajist\u011bte si a\u017e 30 000 hodin dokonal\u00e9ho sp\u00e1nku. U n\u00e1s s\u00e1z\u00edme na z\u00e1\u017eitek a kvalitn\u00ed sp\u00e1nek na\u0161ich z\u00e1kazn\u00edku ch\u00e1peme jako sv\u00e9 posl\u00e1n\u00ed. Najdete u n\u00e1s v\u0161e, \u010d\u00edm si m\u016f\u017eete zkvalitnit sp\u00e1nek od postel\u00ed a matrac\u00ed a\u017e po pol\u0161t\u00e1\u0159e a v\u016fn\u011b do lo\u017enice.\r\n\r\nNa\u0161\u00ed prioritou je, aby se z\u00e1kazn\u00edk v ProSp\u00e1nku c\u00edtil jako doma. K tomu p\u0159isp\u00edv\u00e1 nejenom p\u0159\u00edjemn\u00e9 a \u00fatuln\u00e9 prost\u0159ed\u00ed na\u0161ich prodejen, ale tak\u00e9 vst\u0159\u00edcn\u00fd a osobn\u00ed p\u0159\u00edstup na\u0161ich sp\u00e1nkov\u00fdch specialist\u016f. Dopravu matrac\u00ed a postel\u00ed zajist\u00edme zdarma a\u017e k v\u00e1m dom\u016f a v p\u0159\u00edpad\u011b z\u00e1jmu v\u00e1m na\u0161i profesion\u00e1ln\u00ed mont\u00e9\u0159i v\u0161e sestav\u00ed a p\u0159iprav\u00ed k ulehnut\u00ed. P\u0159ij\u010fte si vyzkou\u0161et ve\u0161ker\u00e9 produkty do pohodl\u00ed prodejny a p\u0159i v\u00fdb\u011bru si nav\u00edc p\u0159\u00edjemn\u011b odpo\u010dinout.\r\n\r\nT\u011b\u0161\u00edme se na va\u0161i n\u00e1v\u0161t\u011bvu.","post_title":"ProSp\u00e1nek","post_excerpt":"","post_status":"publish","comment_status":"closed","ping_status":"closed","post_password":"","post_name":"prospanek","to_ping":"","pinged":"","post_modified":"2025-09-09 09:18:16","post_modified_gmt":"2025-09-09 07:18:16","post_content_filtered":"","post_parent":0,"guid":"https:\/\/parkshop.cz\/olomouc\/?post_type=obchody&#038;p=131","menu_order":0,"post_type":"obchody","post_mime_type":"","comment_count":"0","filter":"raw"}},"yoast_head":"<!-- This site is optimized with the Yoast SEO plugin v26.5 - https:\/\/yoast.com\/wordpress\/plugins\/seo\/ -->\n<title>Sn\u00edte o sp\u00e1nku jako na obl\u00e1\u010dku? - Park&amp;Shop Olomouc<\/title>\n<meta name=\"robots\" content=\"index, follow, max-snippet:-1, max-image-preview:large, max-video-preview:-1\" \/>\n<link rel=\"canonical\" href=\"https:\/\/parkshop.cz\/olomouc\/snite-o-spanku-jako-na-oblacku\/\" \/>\n<meta property=\"og:locale\" content=\"cs_CZ\" \/>\n<meta property=\"og:type\" content=\"article\" \/>\n<meta property=\"og:title\" content=\"Sn\u00edte o sp\u00e1nku jako na obl\u00e1\u010dku? - Park&amp;Shop Olomouc\" \/>\n<meta property=\"og:description\" content=\"V ProSp\u00e1nku poskytujeme bezplatn\u00e9 sp\u00e1nkov\u00e9 poradenstv\u00ed, aby i va\u0161e noci byly p\u0159\u00edmo nebesk\u00e9. Na\u0161i sp\u00e1nkov\u00ed poradci v\u00e1m ochotn\u011b porad\u00ed s [&hellip;]\" \/>\n<meta property=\"og:url\" content=\"https:\/\/parkshop.cz\/olomouc\/snite-o-spanku-jako-na-oblacku\/\" \/>\n<meta property=\"og:site_name\" content=\"Park&amp;Shop Olomouc\" \/>\n<meta property=\"article:published_time\" content=\"2022-09-14T13:02:29+00:00\" \/>\n<meta property=\"article:modified_time\" content=\"2022-11-25T10:32:05+00:00\" \/>\n<meta property=\"og:image\" content=\"https:\/\/parkshop.cz\/olomouc\/wp-content\/uploads\/sites\/2\/2022\/09\/pAS_1-1.jpg\" \/>\n\t<meta property=\"og:image:width\" content=\"720\" \/>\n\t<meta property=\"og:image:height\" content=\"377\" \/>\n\t<meta property=\"og:image:type\" content=\"image\/jpeg\" \/>\n<meta name=\"author\" content=\"NoSkilzTrp\" \/>\n<meta name=\"twitter:card\" content=\"summary_large_image\" \/>\n<meta name=\"twitter:label1\" content=\"Napsal(a)\" \/>\n\t<meta name=\"twitter:data1\" content=\"NoSkilzTrp\" \/>\n\t<meta name=\"twitter:label2\" content=\"Odhadovan\u00e1 doba \u010dten\u00ed\" \/>\n\t<meta name=\"twitter:data2\" content=\"1 minuta\" \/>\n<script type=\"application\/ld+json\" class=\"yoast-schema-graph\">{\"@context\":\"https:\/\/schema.org\",\"@graph\":[{\"@type\":\"Article\",\"@id\":\"https:\/\/parkshop.cz\/olomouc\/snite-o-spanku-jako-na-oblacku\/#article\",\"isPartOf\":{\"@id\":\"https:\/\/parkshop.cz\/olomouc\/snite-o-spanku-jako-na-oblacku\/\"},\"author\":{\"name\":\"NoSkilzTrp\",\"@id\":\"https:\/\/parkshop.cz\/olomouc\/#\/schema\/person\/6437b5efb99252b107cb67bb0bbc25e7\"},\"headline\":\"Sn\u00edte o sp\u00e1nku jako na obl\u00e1\u010dku?\",\"datePublished\":\"2022-09-14T13:02:29+00:00\",\"dateModified\":\"2022-11-25T10:32:05+00:00\",\"mainEntityOfPage\":{\"@id\":\"https:\/\/parkshop.cz\/olomouc\/snite-o-spanku-jako-na-oblacku\/\"},\"wordCount\":50,\"publisher\":{\"@id\":\"https:\/\/parkshop.cz\/olomouc\/#organization\"},\"image\":{\"@id\":\"https:\/\/parkshop.cz\/olomouc\/snite-o-spanku-jako-na-oblacku\/#primaryimage\"},\"thumbnailUrl\":\"https:\/\/parkshop.cz\/olomouc\/wp-content\/uploads\/sites\/2\/2022\/09\/pAS_1-1.jpg\",\"inLanguage\":\"cs\"},{\"@type\":\"WebPage\",\"@id\":\"https:\/\/parkshop.cz\/olomouc\/snite-o-spanku-jako-na-oblacku\/\",\"url\":\"https:\/\/parkshop.cz\/olomouc\/snite-o-spanku-jako-na-oblacku\/\",\"name\":\"Sn\u00edte o sp\u00e1nku jako na obl\u00e1\u010dku? - Park&Shop Olomouc\",\"isPartOf\":{\"@id\":\"https:\/\/parkshop.cz\/olomouc\/#website\"},\"primaryImageOfPage\":{\"@id\":\"https:\/\/parkshop.cz\/olomouc\/snite-o-spanku-jako-na-oblacku\/#primaryimage\"},\"image\":{\"@id\":\"https:\/\/parkshop.cz\/olomouc\/snite-o-spanku-jako-na-oblacku\/#primaryimage\"},\"thumbnailUrl\":\"https:\/\/parkshop.cz\/olomouc\/wp-content\/uploads\/sites\/2\/2022\/09\/pAS_1-1.jpg\",\"datePublished\":\"2022-09-14T13:02:29+00:00\",\"dateModified\":\"2022-11-25T10:32:05+00:00\",\"breadcrumb\":{\"@id\":\"https:\/\/parkshop.cz\/olomouc\/snite-o-spanku-jako-na-oblacku\/#breadcrumb\"},\"inLanguage\":\"cs\",\"potentialAction\":[{\"@type\":\"ReadAction\",\"target\":[\"https:\/\/parkshop.cz\/olomouc\/snite-o-spanku-jako-na-oblacku\/\"]}]},{\"@type\":\"ImageObject\",\"inLanguage\":\"cs\",\"@id\":\"https:\/\/parkshop.cz\/olomouc\/snite-o-spanku-jako-na-oblacku\/#primaryimage\",\"url\":\"https:\/\/parkshop.cz\/olomouc\/wp-content\/uploads\/sites\/2\/2022\/09\/pAS_1-1.jpg\",\"contentUrl\":\"https:\/\/parkshop.cz\/olomouc\/wp-content\/uploads\/sites\/2\/2022\/09\/pAS_1-1.jpg\",\"width\":720,\"height\":377},{\"@type\":\"BreadcrumbList\",\"@id\":\"https:\/\/parkshop.cz\/olomouc\/snite-o-spanku-jako-na-oblacku\/#breadcrumb\",\"itemListElement\":[{\"@type\":\"ListItem\",\"position\":1,\"name\":\"Dom\u016f\",\"item\":\"https:\/\/parkshop.cz\/olomouc\/\"},{\"@type\":\"ListItem\",\"position\":2,\"name\":\"Sn\u00edte o sp\u00e1nku jako na obl\u00e1\u010dku?\"}]},{\"@type\":\"WebSite\",\"@id\":\"https:\/\/parkshop.cz\/olomouc\/#website\",\"url\":\"https:\/\/parkshop.cz\/olomouc\/\",\"name\":\"Park&Shop Olomouc\",\"description\":\"Nejv\u011bt\u0161\u00ed n\u00e1kupn\u00ed park v regionu\",\"publisher\":{\"@id\":\"https:\/\/parkshop.cz\/olomouc\/#organization\"},\"potentialAction\":[{\"@type\":\"SearchAction\",\"target\":{\"@type\":\"EntryPoint\",\"urlTemplate\":\"https:\/\/parkshop.cz\/olomouc\/?s={search_term_string}\"},\"query-input\":{\"@type\":\"PropertyValueSpecification\",\"valueRequired\":true,\"valueName\":\"search_term_string\"}}],\"inLanguage\":\"cs\"},{\"@type\":\"Organization\",\"@id\":\"https:\/\/parkshop.cz\/olomouc\/#organization\",\"name\":\"Park&Shop Olomouc\",\"url\":\"https:\/\/parkshop.cz\/olomouc\/\",\"logo\":{\"@type\":\"ImageObject\",\"inLanguage\":\"cs\",\"@id\":\"https:\/\/parkshop.cz\/olomouc\/#\/schema\/logo\/image\/\",\"url\":\"https:\/\/parkshop.cz\/olomouc\/wp-content\/uploads\/sites\/2\/2022\/10\/park_shop_logo.svg\",\"contentUrl\":\"https:\/\/parkshop.cz\/olomouc\/wp-content\/uploads\/sites\/2\/2022\/10\/park_shop_logo.svg\",\"caption\":\"Park&Shop Olomouc\"},\"image\":{\"@id\":\"https:\/\/parkshop.cz\/olomouc\/#\/schema\/logo\/image\/\"}},{\"@type\":\"Person\",\"@id\":\"https:\/\/parkshop.cz\/olomouc\/#\/schema\/person\/6437b5efb99252b107cb67bb0bbc25e7\",\"name\":\"NoSkilzTrp\",\"sameAs\":[\"http:\/\/localhost\/parkshop\"],\"url\":\"https:\/\/parkshop.cz\/olomouc\/author\/noskilz\/\"}]}<\/script>\n<!-- \/ Yoast SEO plugin. -->","yoast_head_json":{"title":"Sn\u00edte o sp\u00e1nku jako na obl\u00e1\u010dku? - Park&Shop Olomouc","robots":{"index":"index","follow":"follow","max-snippet":"max-snippet:-1","max-image-preview":"max-image-preview:large","max-video-preview":"max-video-preview:-1"},"canonical":"https:\/\/parkshop.cz\/olomouc\/snite-o-spanku-jako-na-oblacku\/","og_locale":"cs_CZ","og_type":"article","og_title":"Sn\u00edte o sp\u00e1nku jako na obl\u00e1\u010dku? - Park&Shop Olomouc","og_description":"V ProSp\u00e1nku poskytujeme bezplatn\u00e9 sp\u00e1nkov\u00e9 poradenstv\u00ed, aby i va\u0161e noci byly p\u0159\u00edmo nebesk\u00e9. Na\u0161i sp\u00e1nkov\u00ed poradci v\u00e1m ochotn\u011b porad\u00ed s [&hellip;]","og_url":"https:\/\/parkshop.cz\/olomouc\/snite-o-spanku-jako-na-oblacku\/","og_site_name":"Park&Shop Olomouc","article_published_time":"2022-09-14T13:02:29+00:00","article_modified_time":"2022-11-25T10:32:05+00:00","og_image":[{"width":720,"height":377,"url":"https:\/\/parkshop.cz\/olomouc\/wp-content\/uploads\/sites\/2\/2022\/09\/pAS_1-1.jpg","type":"image\/jpeg"}],"author":"NoSkilzTrp","twitter_card":"summary_large_image","twitter_misc":{"Napsal(a)":"NoSkilzTrp","Odhadovan\u00e1 doba \u010dten\u00ed":"1 minuta"},"schema":{"@context":"https:\/\/schema.org","@graph":[{"@type":"Article","@id":"https:\/\/parkshop.cz\/olomouc\/snite-o-spanku-jako-na-oblacku\/#article","isPartOf":{"@id":"https:\/\/parkshop.cz\/olomouc\/snite-o-spanku-jako-na-oblacku\/"},"author":{"name":"NoSkilzTrp","@id":"https:\/\/parkshop.cz\/olomouc\/#\/schema\/person\/6437b5efb99252b107cb67bb0bbc25e7"},"headline":"Sn\u00edte o sp\u00e1nku jako na obl\u00e1\u010dku?","datePublished":"2022-09-14T13:02:29+00:00","dateModified":"2022-11-25T10:32:05+00:00","mainEntityOfPage":{"@id":"https:\/\/parkshop.cz\/olomouc\/snite-o-spanku-jako-na-oblacku\/"},"wordCount":50,"publisher":{"@id":"https:\/\/parkshop.cz\/olomouc\/#organization"},"image":{"@id":"https:\/\/parkshop.cz\/olomouc\/snite-o-spanku-jako-na-oblacku\/#primaryimage"},"thumbnailUrl":"https:\/\/parkshop.cz\/olomouc\/wp-content\/uploads\/sites\/2\/2022\/09\/pAS_1-1.jpg","inLanguage":"cs"},{"@type":"WebPage","@id":"https:\/\/parkshop.cz\/olomouc\/snite-o-spanku-jako-na-oblacku\/","url":"https:\/\/parkshop.cz\/olomouc\/snite-o-spanku-jako-na-oblacku\/","name":"Sn\u00edte o sp\u00e1nku jako na obl\u00e1\u010dku? - Park&Shop Olomouc","isPartOf":{"@id":"https:\/\/parkshop.cz\/olomouc\/#website"},"primaryImageOfPage":{"@id":"https:\/\/parkshop.cz\/olomouc\/snite-o-spanku-jako-na-oblacku\/#primaryimage"},"image":{"@id":"https:\/\/parkshop.cz\/olomouc\/snite-o-spanku-jako-na-oblacku\/#primaryimage"},"thumbnailUrl":"https:\/\/parkshop.cz\/olomouc\/wp-content\/uploads\/sites\/2\/2022\/09\/pAS_1-1.jpg","datePublished":"2022-09-14T13:02:29+00:00","dateModified":"2022-11-25T10:32:05+00:00","breadcrumb":{"@id":"https:\/\/parkshop.cz\/olomouc\/snite-o-spanku-jako-na-oblacku\/#breadcrumb"},"inLanguage":"cs","potentialAction":[{"@type":"ReadAction","target":["https:\/\/parkshop.cz\/olomouc\/snite-o-spanku-jako-na-oblacku\/"]}]},{"@type":"ImageObject","inLanguage":"cs","@id":"https:\/\/parkshop.cz\/olomouc\/snite-o-spanku-jako-na-oblacku\/#primaryimage","url":"https:\/\/parkshop.cz\/olomouc\/wp-content\/uploads\/sites\/2\/2022\/09\/pAS_1-1.jpg","contentUrl":"https:\/\/parkshop.cz\/olomouc\/wp-content\/uploads\/sites\/2\/2022\/09\/pAS_1-1.jpg","width":720,"height":377},{"@type":"BreadcrumbList","@id":"https:\/\/parkshop.cz\/olomouc\/snite-o-spanku-jako-na-oblacku\/#breadcrumb","itemListElement":[{"@type":"ListItem","position":1,"name":"Dom\u016f","item":"https:\/\/parkshop.cz\/olomouc\/"},{"@type":"ListItem","position":2,"name":"Sn\u00edte o sp\u00e1nku jako na obl\u00e1\u010dku?"}]},{"@type":"WebSite","@id":"https:\/\/parkshop.cz\/olomouc\/#website","url":"https:\/\/parkshop.cz\/olomouc\/","name":"Park&Shop Olomouc","description":"Nejv\u011bt\u0161\u00ed n\u00e1kupn\u00ed park v regionu","publisher":{"@id":"https:\/\/parkshop.cz\/olomouc\/#organization"},"potentialAction":[{"@type":"SearchAction","target":{"@type":"EntryPoint","urlTemplate":"https:\/\/parkshop.cz\/olomouc\/?s={search_term_string}"},"query-input":{"@type":"PropertyValueSpecification","valueRequired":true,"valueName":"search_term_string"}}],"inLanguage":"cs"},{"@type":"Organization","@id":"https:\/\/parkshop.cz\/olomouc\/#organization","name":"Park&Shop Olomouc","url":"https:\/\/parkshop.cz\/olomouc\/","logo":{"@type":"ImageObject","inLanguage":"cs","@id":"https:\/\/parkshop.cz\/olomouc\/#\/schema\/logo\/image\/","url":"https:\/\/parkshop.cz\/olomouc\/wp-content\/uploads\/sites\/2\/2022\/10\/park_shop_logo.svg","contentUrl":"https:\/\/parkshop.cz\/olomouc\/wp-content\/uploads\/sites\/2\/2022\/10\/park_shop_logo.svg","caption":"Park&Shop Olomouc"},"image":{"@id":"https:\/\/parkshop.cz\/olomouc\/#\/schema\/logo\/image\/"}},{"@type":"Person","@id":"https:\/\/parkshop.cz\/olomouc\/#\/schema\/person\/6437b5efb99252b107cb67bb0bbc25e7","name":"NoSkilzTrp","sameAs":["http:\/\/localhost\/parkshop"],"url":"https:\/\/parkshop.cz\/olomouc\/author\/noskilz\/"}]}},"publishpress_future_action":{"enabled":false,"date":"2026-05-04 02:37:48","action":"change-status","newStatus":"draft","terms":[],"taxonomy":"category","extraData":[]},"publishpress_future_workflow_manual_trigger":{"enabledWorkflows":[]},"_links":{"self":[{"href":"https:\/\/parkshop.cz\/olomouc\/wp-json\/wp\/v2\/posts\/151","targetHints":{"allow":["GET"]}}],"collection":[{"href":"https:\/\/parkshop.cz\/olomouc\/wp-json\/wp\/v2\/posts"}],"about":[{"href":"https:\/\/parkshop.cz\/olomouc\/wp-json\/wp\/v2\/types\/post"}],"author":[{"embeddable":true,"href":"https:\/\/parkshop.cz\/olomouc\/wp-json\/wp\/v2\/users\/1"}],"replies":[{"embeddable":true,"href":"https:\/\/parkshop.cz\/olomouc\/wp-json\/wp\/v2\/comments?post=151"}],"version-history":[{"count":1,"href":"https:\/\/parkshop.cz\/olomouc\/wp-json\/wp\/v2\/posts\/151\/revisions"}],"predecessor-version":[{"id":152,"href":"https:\/\/parkshop.cz\/olomouc\/wp-json\/wp\/v2\/posts\/151\/revisions\/152"}],"wp:featuredmedia":[{"embeddable":true,"href":"https:\/\/parkshop.cz\/olomouc\/wp-json\/wp\/v2\/media\/282"}],"wp:attachment":[{"href":"https:\/\/parkshop.cz\/olomouc\/wp-json\/wp\/v2\/media?parent=151"}],"wp:term":[{"taxonomy":"category","embeddable":true,"href":"https:\/\/parkshop.cz\/olomouc\/wp-json\/wp\/v2\/categories?post=151"},{"taxonomy":"post_tag","embeddable":true,"href":"https:\/\/parkshop.cz\/olomouc\/wp-json\/wp\/v2\/tags?post=151"}],"curies":[{"name":"wp","href":"https:\/\/api.w.org\/{rel}","templated":true}]}}